{"id":1749,"date":"2014-10-28T11:24:51","date_gmt":"2014-10-28T15:24:51","guid":{"rendered":"http:\/\/www.albilegeant.com\/articles\/?p=1749"},"modified":"2020-10-05T16:30:29","modified_gmt":"2020-10-05T20:30:29","slug":"mazda-devoile-mazda-cx-3","status":"publish","type":"post","link":"https:\/\/www.albilegeant.com\/articles\/actualites\/mazda-devoile-mazda-cx-3\/","title":{"rendered":"Mazda d\u00e9voile son nouveau Mazda CX-3"},"content":{"rendered":"<p>On a bien tent\u00e9 de garder le secret, mais la tentation \u00e9tait trop forte: Mazda a tenu \u00e0 d\u00e9voiler son petit Mazda CX-3, du moins en partie, quelques semaines avant la pr\u00e9sentation officielle au salon de Los Angeles qui se tiendra du 21 au 30 novembre prochain.<!--more--><\/p>\n<h2>Que savons-nous sur le Mazda CX-3?<\/h2>\n<p>Dans les faits, bien peu de d\u00e9tails r\u00e9els ont \u00e9t\u00e9 transmis. On sait seulement que le Mazda CX-3, cinqui\u00e8me v\u00e9hicule de la gamme Mazda, fera son apparition avec <strong>un style tout \u00e0 fait familier<\/strong>; il reprendra en effet <strong>la philosophie de design Kodo<\/strong> et sera, bien entendu, enti\u00e8rement construit sur la base de<strong> la technologie SKYACTIV<\/strong>.<\/p>\n<p><strong>La petite taille du v\u00e9hicule<\/strong> le place directement sous <strong>le Mazda CX-5 et le Mazda CX-9<\/strong>, deux multisegments populaires chez le constructeur japonais. Quant \u00e0 la forme d\u00e9finitive, il faudra aussi \u00eatre patient puisque les seules images disponibles pour le moment sont des esquisses du nouveau mod\u00e8le.<\/p>\n<p>Aucun d\u00e9tail quant \u00e0 la motorisation ou \u00e0 la disponibilit\u00e9 du v\u00e9hicule n&rsquo;a cependant \u00e9t\u00e9 d\u00e9voil\u00e9 avant le salon de Los Angeles.<\/p>\n<p>Signalons tout de m\u00eame que le Mazda CX-3 sera en bonne compagnie sur la sc\u00e8ne du salon californien puisque Mazda profitera de l&rsquo;occasion pour y pr\u00e9senter en premi\u00e8re mondiale la <a title=\"Mazda 6\" href=\"https:\/\/www.albioccasion.com\/inventaire\/mazda-mazda6\/?utm_source=blog&amp;utm_medium=referral&amp;utm_campaign=Blog_ALBI\" target=\"_blank\" rel=\"noopener noreferrer\">Mazda 6<\/a> l\u00e9g\u00e8rement retouch\u00e9e, et le <a title=\"Mazda CX-5\" href=\"https:\/\/www.albioccasion.com\/inventaire\/mazda-cx%205\/?utm_source=blog&amp;utm_medium=referral&amp;utm_campaign=Blog_ALBI\" target=\"_blank\" rel=\"noopener noreferrer\">Mazda CX-5<\/a> qui a lui aussi subi quelques changements de milieu de vie. Aucune image n&rsquo;a cependant filtr\u00e9 de ces deux premi\u00e8res.<\/p>\n<p>Mentionnons enfin que Mazda profitera aussi du salon de Los Angeles pour pr\u00e9senter le ch\u00e2ssis de <a title=\"Nouvelle Mazda MX-5\" href=\"http:\/\/www.albilegeant.com\/articles\/actualites\/enfin-moteur-mazda-mx-5\/\" target=\"_blank\" rel=\"noopener noreferrer\">la nouvelle Mazda MX-5<\/a>, une construction r\u00e9volutionnaire, ainsi que la v\u00e9ritable nouvelle Mazda MX-5 dont la production n&rsquo;a pas encore d\u00e9but\u00e9.<\/p>\n<p>Pour tous les mod\u00e8les 2014 et 2015, visitez notre<a title=\"ALBI le G\u00e9ant Mazda\" href=\"http:\/\/www.albimazda.com\" target=\"_blank\" rel=\"noopener noreferrer\"> site web<\/a>.<\/p>\n","protected":false},"excerpt":{"rendered":"<p>On a bien tent\u00e9 de garder le secret, mais la tentation \u00e9tait trop forte: Mazda a tenu \u00e0 d\u00e9voiler son petit Mazda CX-3, du moins en partie, quelques semaines avant la pr\u00e9sentation officielle au salon de Los Angeles qui se tiendra du 21 au 30 novembre prochain.<\/p>\n","protected":false},"author":5,"featured_media":1750,"comment_status":"open","ping_status":"open","sticky":false,"template":"","format":"standard","meta":{"footnotes":""},"categories":[5],"tags":[8,217,97,100,75],"class_list":["post-1749","post","type-post","status-publish","format-standard","has-post-thumbnail","hentry","category-actualites","tag-mazda","tag-mazda-cx-3","tag-mazda-cx-5","tag-mazda-mx-5","tag-nouveaux-modeles-mazda"],"_links":{"self":[{"href":"https:\/\/www.albilegeant.com\/articles\/wp-json\/wp\/v2\/posts\/1749","targetHints":{"allow":["GET"]}}],"collection":[{"href":"https:\/\/www.albilegeant.com\/articles\/wp-json\/wp\/v2\/posts"}],"about":[{"href":"https:\/\/www.albilegeant.com\/articles\/wp-json\/wp\/v2\/types\/post"}],"author":[{"embeddable":true,"href":"https:\/\/www.albilegeant.com\/articles\/wp-json\/wp\/v2\/users\/5"}],"replies":[{"embeddable":true,"href":"https:\/\/www.albilegeant.com\/articles\/wp-json\/wp\/v2\/comments?post=1749"}],"version-history":[{"count":6,"href":"https:\/\/www.albilegeant.com\/articles\/wp-json\/wp\/v2\/posts\/1749\/revisions"}],"predecessor-version":[{"id":14291,"href":"https:\/\/www.albilegeant.com\/articles\/wp-json\/wp\/v2\/posts\/1749\/revisions\/14291"}],"wp:featuredmedia":[{"embeddable":true,"href":"https:\/\/www.albilegeant.com\/articles\/wp-json\/wp\/v2\/media\/1750"}],"wp:attachment":[{"href":"https:\/\/www.albilegeant.com\/articles\/wp-json\/wp\/v2\/media?parent=1749"}],"wp:term":[{"taxonomy":"category","embeddable":true,"href":"https:\/\/www.albilegeant.com\/articles\/wp-json\/wp\/v2\/categories?post=1749"},{"taxonomy":"post_tag","embeddable":true,"href":"https:\/\/www.albilegeant.com\/articles\/wp-json\/wp\/v2\/tags?post=1749"}],"curies":[{"name":"wp","href":"https:\/\/api.w.org\/{rel}","templated":true}]}}