{"id":17546,"date":"2024-02-28T12:07:49","date_gmt":"2024-02-28T17:07:49","guid":{"rendered":"https:\/\/www.albilegeant.com\/articles\/?p=17546"},"modified":"2024-02-28T12:07:52","modified_gmt":"2024-02-28T17:07:52","slug":"redefinir-lexceptionnel-la-nouvelle-philosophie-de-buick","status":"publish","type":"post","link":"https:\/\/www.albilegeant.com\/articles\/blogue\/redefinir-lexceptionnel-la-nouvelle-philosophie-de-buick\/","title":{"rendered":"Red\u00e9finir l\u2019exceptionnel, la nouvelle philosophie de Buick"},"content":{"rendered":"\n<p>On le sait, la marque Buick renait. Pour bien marquer ce pas en avant, la compagnie a choisi de lancer un nouveau design, et surtout un nouveau slogan. <em>\u00ab\u00a0Red\u00e9finir l\u2019exceptionnel \u00bb<\/em> vise \u00e0 refl\u00e9ter la forme et la philosophie esth\u00e9tique de la marque Buick, selon la division General Motors.<\/p>\n\n\n\n<p>Avec des produits comme le <a rel=\"noreferrer noopener\" aria-label=\"Buick Envision 2024 (s\u2019ouvre dans un nouvel onglet)\" href=\"https:\/\/www.albichevrolet.com\/fr\/catalogue-neuf\/buick\/buick-envision-2024-id27238\" target=\"_blank\">Buick Envision 2024<\/a> et le Buick Enclave 2025 lanc\u00e9s cette ann\u00e9e, Buick aura une gamme enti\u00e8rement rafra\u00eechie.\u00a0 Le slogan fera ses d\u00e9buts via une vid\u00e9o num\u00e9rique qui c\u00e9l\u00e8bre l&rsquo;histoire du design de la marque, tout en donnant un aper\u00e7u de leur philosophie et ce qui nous attend. <\/p>\n\n\n\n<figure class=\"wp-block-embed-youtube wp-block-embed is-type-video is-provider-youtube wp-embed-aspect-16-9 wp-has-aspect-ratio\"><div class=\"wp-block-embed__wrapper\">\n<iframe loading=\"lazy\" title=\"\u00ab Red\u00e9finir l\u2019exceptionnel \u00bb | \u00c9lever la beaut\u00e9 \u00e0 chaque instant | Buick Canada\" width=\"625\" height=\"352\" src=\"https:\/\/www.youtube.com\/embed\/SfU3hNbVgVM?feature=oembed\" frameborder=\"0\" allow=\"accelerometer; autoplay; clipboard-write; encrypted-media; gyroscope; picture-in-picture; web-share\" referrerpolicy=\"strict-origin-when-cross-origin\" allowfullscreen><\/iframe>\n<\/div><\/figure>\n\n\n\n<h3 class=\"wp-block-heading\">Une nouvelle client\u00e8le<\/h3>\n\n\n\n<p>Pr\u00e8s de 70 % des ventes de Buick l&rsquo;ann\u00e9e derni\u00e8re\nprovenaient de nouveaux clients, tout en conservant une forte fid\u00e9lit\u00e9 de la\nclient\u00e8le. Buick se concentre d\u00e9sormais sur le souci du d\u00e9tail et la qualit\u00e9\ndes v\u00e9hicules.<\/p>\n\n\n\n<p>\u00ab Apr\u00e8s avoir int\u00e9gr\u00e9 le langage de conception du <a href=\"https:\/\/www.albilegeant.com\/articles\/blogue\/buick-wildcat-celle-qui-precede-le-changement\/\">concept Wildcat<\/a> dans la production de l&rsquo;<a href=\"https:\/\/www.albichevrolet.com\/fr\/catalogue-neuf\/buick\/buick-encore-gx-2024-id24943\" target=\"_blank\" rel=\"noreferrer noopener\" aria-label=\"Encore GX 2024 (s\u2019ouvre dans un nouvel onglet)\">Encore GX 2024<\/a> et du tout nouvel Envista, nous avons constat\u00e9 qu&rsquo;un design magnifique et un luxe tranquille distinguent Buick de la concurrence \u00bb, d\u00e9clarent les dirigeants de Buick dans un communiqu\u00e9. <\/p>\n\n\n\n<p>La qualit\u00e9 des v\u00e9hicules est l&rsquo;une des trois principales\nraisons pour lesquelles les consommateurs choisissent d&rsquo;acheter un nouveau\nv\u00e9hicule Buick. Ann\u00e9e apr\u00e8s ann\u00e9e, Buick se classe parmi les premiers dans\nl&rsquo;\u00e9tude J.D. Power sur la qualit\u00e9 initiale et l&rsquo;indice de satisfaction \u00e0 la\nvente.<\/p>\n\n\n\n<p>En 2023, Buick s&rsquo;est class\u00e9e au premier rang pour la satisfaction des clients \u00e0 l&rsquo;\u00e9gard de l&rsquo;exp\u00e9rience de vente chez les concessionnaires parmi les marques grand public pour la deuxi\u00e8me ann\u00e9e cons\u00e9cutive. Selon l&rsquo;\u00e9tude de J.D. Power, Buick s&rsquo;est \u00e9galement class\u00e9e troisi\u00e8me en qualit\u00e9 initiale parmi les marques grand public dans l&rsquo;\u00e9tude J.D. Power Initial Quality Study en 2023. Alors venez donc red\u00e9finir l\u2019exceptionnel en essayant les nouveaux v\u00e9hicules Buick au style si accrocheur chez votre concessionnaire <a href=\"http:\/\/albichevrolet.com\" target=\"_blank\" rel=\"noreferrer noopener\" aria-label=\"ALBI Chevrolet Laval (s\u2019ouvre dans un nouvel onglet)\">ALBI Chevrolet Laval<\/a>.<\/p>\n","protected":false},"excerpt":{"rendered":"<p>On le sait, la marque Buick renait. Pour bien marquer ce pas en avant, la compagnie a choisi de lancer un nouveau design, et surtout un nouveau slogan. \u00ab\u00a0Red\u00e9finir l\u2019exceptionnel \u00bb vise \u00e0 refl\u00e9ter la forme et la philosophie esth\u00e9tique de la marque Buick, selon la division General Motors. Avec des produits comme le Buick [&hellip;]<\/p>\n","protected":false},"author":5,"featured_media":17547,"comment_status":"closed","ping_status":"open","sticky":false,"template":"","format":"standard","meta":{"footnotes":""},"categories":[6],"tags":[384],"class_list":["post-17546","post","type-post","status-publish","format-standard","has-post-thumbnail","hentry","category-blogue","tag-buick"],"_links":{"self":[{"href":"https:\/\/www.albilegeant.com\/articles\/wp-json\/wp\/v2\/posts\/17546","targetHints":{"allow":["GET"]}}],"collection":[{"href":"https:\/\/www.albilegeant.com\/articles\/wp-json\/wp\/v2\/posts"}],"about":[{"href":"https:\/\/www.albilegeant.com\/articles\/wp-json\/wp\/v2\/types\/post"}],"author":[{"embeddable":true,"href":"https:\/\/www.albilegeant.com\/articles\/wp-json\/wp\/v2\/users\/5"}],"replies":[{"embeddable":true,"href":"https:\/\/www.albilegeant.com\/articles\/wp-json\/wp\/v2\/comments?post=17546"}],"version-history":[{"count":1,"href":"https:\/\/www.albilegeant.com\/articles\/wp-json\/wp\/v2\/posts\/17546\/revisions"}],"predecessor-version":[{"id":17548,"href":"https:\/\/www.albilegeant.com\/articles\/wp-json\/wp\/v2\/posts\/17546\/revisions\/17548"}],"wp:featuredmedia":[{"embeddable":true,"href":"https:\/\/www.albilegeant.com\/articles\/wp-json\/wp\/v2\/media\/17547"}],"wp:attachment":[{"href":"https:\/\/www.albilegeant.com\/articles\/wp-json\/wp\/v2\/media?parent=17546"}],"wp:term":[{"taxonomy":"category","embeddable":true,"href":"https:\/\/www.albilegeant.com\/articles\/wp-json\/wp\/v2\/categories?post=17546"},{"taxonomy":"post_tag","embeddable":true,"href":"https:\/\/www.albilegeant.com\/articles\/wp-json\/wp\/v2\/tags?post=17546"}],"curies":[{"name":"wp","href":"https:\/\/api.w.org\/{rel}","templated":true}]}}