{"id":17749,"date":"2024-04-30T14:04:07","date_gmt":"2024-04-30T18:04:07","guid":{"rendered":"https:\/\/www.albilegeant.com\/articles\/?p=17749"},"modified":"2024-05-01T10:32:41","modified_gmt":"2024-05-01T14:32:41","slug":"buick-devoile-ses-nouveaux-concepts-a-beijing","status":"publish","type":"post","link":"https:\/\/www.albilegeant.com\/articles\/blogue\/buick-devoile-ses-nouveaux-concepts-a-beijing\/","title":{"rendered":"Buick d\u00e9voile ses nouveaux concepts \u00e0 Beijing"},"content":{"rendered":"\n<p>Buick, une marque reconnue pour son m\u00e9lange d\u2019\u00e9l\u00e9gance et de performance, a r\u00e9cemment d\u00e9voil\u00e9 deux concepts captivants lors du Salon de l\u2019auto de Beijing 2024. Ces designs futuristes attirent les regards et nous donnent un aper\u00e7u du <a href=\"https:\/\/www.albilegeant.com\/articles\/blogue\/buick-wildcat-celle-qui-precede-le-changement\/\">futur \u00e9lectrifi\u00e9 de Buick<\/a>, en particulier pour le march\u00e9 chinois, car malheureusement, les chances sont minces de voir ces mod\u00e8les aboutir chez votre concessionnaire <a rel=\"noreferrer noopener\" aria-label=\"ALBI Chevrolet Laval (s\u2019ouvre dans un nouvel onglet)\" href=\"http:\/\/albichevrolet.com\" target=\"_blank\">ALBI Chevrolet Laval<\/a>.<\/p>\n\n\n\n<h3 class=\"wp-block-heading\">Buick Electra-L <\/h3>\n\n\n\n<p>L\u2019Electra-L est une berline de taille moyenne qui inspire la\nsophistication. Reposant sur l\u2019architecture GM Ultium, elle allie un design\nspectaculaire \u00e0 une technologie \u00e9lectrique avanc\u00e9e. &nbsp;\u00c0 l\u2019int\u00e9rieur, l\u2019Electra-L arbore un \u00e9cran sur\nla bo\u00eete \u00e0 gants, int\u00e9grant harmonieusement la technologie au confort. Les\npassagers peuvent acc\u00e9der aux informations et au divertissement sans effort,\nam\u00e9liorant ainsi l\u2019exp\u00e9rience de conduite globale.<\/p>\n\n\n\n<p>Bien que l\u2019Electra-L soit actuellement un concept, ses\nindices de design sugg\u00e8rent que Buick prend l\u2019\u00e9lectrification au s\u00e9rieux. <\/p>\n\n\n\n<h3 class=\"wp-block-heading\">Buick Electra-LT <\/h3>\n\n\n\n<p>L\u2019Electra-LT prend la forme d\u2019une familiale sur\u00e9lev\u00e9e,\nalliant polyvalence et style. Comme sa cousine berline, elle repose sur la\nplateforme GM Ultium, promettant des performances et une efficacit\u00e9\nimpressionnantes.<\/p>\n\n\n\n<p>Avec sa ligne de toit allong\u00e9e et son espace de chargement\nspacieux, l\u2019Electra-LT est parfaite pour les escapades du week-end ou les\naventures urbaines. Imaginez charger vos \u00e9quipements, qu\u2019il s\u2019agisse de\nmat\u00e9riel de plein air ou de sacs de magasinage, et prendre la route sans\n\u00e9missions.<\/p>\n\n\n\n<p>On voudrait ces voitures en Am\u00e9rique, mais pour le moment,\nelles sont r\u00e9serv\u00e9es \u00e0 la Chine. Pourquoi la Chine ? Le pays joue un r\u00f4le\nmajeur sur le march\u00e9 des v\u00e9hicules \u00e9lectriques, avec une app\u00e9tence croissante\npour la mobilit\u00e9 propre. En pr\u00e9sentant ces concepts au Salon de l\u2019auto de Beijing,\nBuick vise \u00e0 conqu\u00e9rir le c\u0153ur des consommateurs chinois, et \u00e0 d\u00e9montrer \u00e0 tout\nle monde sa maitrise de la science \u00e9lectrique.<\/p>\n\n\n\n<p>L\u2019avenir qui se dessine : Bien que l\u2019Electra-L et l\u2019Electra-LT soient actuellement des concepts, leur pr\u00e9sence t\u00e9moigne de la d\u00e9termination de Buick \u00e0 \u00e9lectrifier sa gamme. Ces concepts deviendront-ils r\u00e9alit\u00e9 ? On l\u2019esp\u00e8re, mais on souhaite surtout qu\u2019ils arrivent chez ALBI le G\u00e9ant.<\/p>\n","protected":false},"excerpt":{"rendered":"<p>Buick, une marque reconnue pour son m\u00e9lange d\u2019\u00e9l\u00e9gance et de performance, a r\u00e9cemment d\u00e9voil\u00e9 deux concepts captivants lors du Salon de l\u2019auto de Beijing 2024. Ces designs futuristes attirent les regards et nous donnent un aper\u00e7u du futur \u00e9lectrifi\u00e9 de Buick, en particulier pour le march\u00e9 chinois, car malheureusement, les chances sont minces de voir [&hellip;]<\/p>\n","protected":false},"author":5,"featured_media":17750,"comment_status":"closed","ping_status":"open","sticky":false,"template":"","format":"standard","meta":{"footnotes":""},"categories":[6],"tags":[384,1167,1168],"class_list":["post-17749","post","type-post","status-publish","format-standard","has-post-thumbnail","hentry","category-blogue","tag-buick","tag-electra-l","tag-electra-lt"],"_links":{"self":[{"href":"https:\/\/www.albilegeant.com\/articles\/wp-json\/wp\/v2\/posts\/17749","targetHints":{"allow":["GET"]}}],"collection":[{"href":"https:\/\/www.albilegeant.com\/articles\/wp-json\/wp\/v2\/posts"}],"about":[{"href":"https:\/\/www.albilegeant.com\/articles\/wp-json\/wp\/v2\/types\/post"}],"author":[{"embeddable":true,"href":"https:\/\/www.albilegeant.com\/articles\/wp-json\/wp\/v2\/users\/5"}],"replies":[{"embeddable":true,"href":"https:\/\/www.albilegeant.com\/articles\/wp-json\/wp\/v2\/comments?post=17749"}],"version-history":[{"count":3,"href":"https:\/\/www.albilegeant.com\/articles\/wp-json\/wp\/v2\/posts\/17749\/revisions"}],"predecessor-version":[{"id":17765,"href":"https:\/\/www.albilegeant.com\/articles\/wp-json\/wp\/v2\/posts\/17749\/revisions\/17765"}],"wp:featuredmedia":[{"embeddable":true,"href":"https:\/\/www.albilegeant.com\/articles\/wp-json\/wp\/v2\/media\/17750"}],"wp:attachment":[{"href":"https:\/\/www.albilegeant.com\/articles\/wp-json\/wp\/v2\/media?parent=17749"}],"wp:term":[{"taxonomy":"category","embeddable":true,"href":"https:\/\/www.albilegeant.com\/articles\/wp-json\/wp\/v2\/categories?post=17749"},{"taxonomy":"post_tag","embeddable":true,"href":"https:\/\/www.albilegeant.com\/articles\/wp-json\/wp\/v2\/tags?post=17749"}],"curies":[{"name":"wp","href":"https:\/\/api.w.org\/{rel}","templated":true}]}}