{"id":17820,"date":"2024-05-27T11:14:50","date_gmt":"2024-05-27T15:14:50","guid":{"rendered":"https:\/\/www.albilegeant.com\/articles\/?p=17820"},"modified":"2024-05-27T11:14:52","modified_gmt":"2024-05-27T15:14:52","slug":"gm-aura-ses-hybrides-branchables","status":"publish","type":"post","link":"https:\/\/www.albilegeant.com\/articles\/blogue\/gm-aura-ses-hybrides-branchables\/","title":{"rendered":"GM aura ses hybrides branchables"},"content":{"rendered":"\n<p>Vous avez envie de faire le saut \u00e0 l\u2019\u00e9lectrique, mais vous n\u2019\u00eates pas encore certain? On le sait, General Motors a pourtant d\u2019excellents v\u00e9hicules dans ce domaine. Le Chevrolet Blazer EV, par exemple, est arriv\u00e9 chez ALBI Chevrolet Laval depuis quelques semaines et remplit toutes ses promesses.<\/p>\n\n\n\n<p>Vous voulez quelque chose d\u2019un peu plus petit? Attendez encore un petit peu, et c\u2019est le <a href=\"https:\/\/www.albichevrolet.com\/fr\/catalogue-neuf\/chevrolet\/chevrolet-equinox-ev-2024-id28046\" target=\"_blank\" rel=\"noreferrer noopener\" aria-label=\"Chevrolet Equinox EV (s\u2019ouvre dans un nouvel onglet)\">Chevrolet Equinox EV<\/a> qui fera officiellement son entr\u00e9e. Le VUS de petit format est pratique, bien pens\u00e9\u2026 et 100% \u00e9lectrique!<\/p>\n\n\n\n<p>Mais si vous n\u2019\u00eates pas encore tout \u00e0 fait certain, il existera un mod\u00e8le de transition&nbsp;: les hybrides branchables. On le sait, General Motors a d\u00e9velopp\u00e9 une expertise dans ce domaine et dominait avec la Chevrolet Volt.<\/p>\n\n\n\n<h3 class=\"wp-block-heading\">L&rsquo;arriv\u00e9e de mod\u00e8les hybrides branchables<\/h3>\n\n\n\n<p>Cette fois, c\u2019est une liste de nouveaux mod\u00e8les qui miseront sur cette technologie et qui feront leur apparition dans le catalogue de General Motors. Il faudra cependant \u00eatre un peu patient, car, si l\u2019on se fie \u00e0 la PDG de GM, c\u2019est en 2027 que les premiers mod\u00e8les VHR (v\u00e9hicule hybride rechargeable) feront leur apparition dans notre salle d\u2019exposition.<\/p>\n\n\n\n<p>Il est encore beaucoup trop t\u00f4t pour parler de mod\u00e8le, de style ou de capacit\u00e9 technologique. On sait cependant que la technologie Ultium, celle-l\u00e0 m\u00eame que l\u2019on retrouve sous la carrosserie des voitures \u00e9lectriques, devrait aussi servir de base au VHR. Des batteries de moindre autonomie, bien s\u00fbr, mais doubl\u00e9es d\u2019un moteur \u00e0 essence qui maximisera leur usage.<\/p>\n\n\n\n<p>Ce n\u2019est pas pour rien que l\u2019ann\u00e9e 2027 a \u00e9t\u00e9 choisie&nbsp;: elle est celle o\u00f9 les r\u00e8gles de l\u2019EPA am\u00e9ricain deviendront plus s\u00e9v\u00e8res en mati\u00e8re d\u2019\u00e9missions polluantes. La PDG Barra a d\u00e9clar\u00e9 que l\u2019\u00e9ch\u00e9ancier avait beaucoup \u00e0 voir avec ces r\u00e8gles l\u2019objectif \u00e9tant de r\u00e9duire de moiti\u00e9 les \u00e9missions de gaz d\u2019\u00e9chappement d\u2019ici 2055.<\/p>\n\n\n\n<p>\u00c9videmment, on souhaite que ces v\u00e9hicules arrivent plus rapidement chez <a rel=\"noreferrer noopener\" aria-label=\"ALBI Chevrolet (s\u2019ouvre dans un nouvel onglet)\" href=\"http:\/\/albichevrolet.com\" target=\"_blank\">ALBI Chevrolet<\/a>. Mais en attendant, passez donc voir un Blazer EV, vous pourriez rester surpris!<\/p>\n","protected":false},"excerpt":{"rendered":"<p>Vous avez envie de faire le saut \u00e0 l\u2019\u00e9lectrique, mais vous n\u2019\u00eates pas encore certain? On le sait, General Motors a pourtant d\u2019excellents v\u00e9hicules dans ce domaine. Le Chevrolet Blazer EV, par exemple, est arriv\u00e9 chez ALBI Chevrolet Laval depuis quelques semaines et remplit toutes ses promesses. Vous voulez quelque chose d\u2019un peu plus petit? [&hellip;]<\/p>\n","protected":false},"author":5,"featured_media":17821,"comment_status":"closed","ping_status":"open","sticky":false,"template":"","format":"standard","meta":{"footnotes":""},"categories":[6],"tags":[382,387,52],"class_list":["post-17820","post","type-post","status-publish","format-standard","has-post-thumbnail","hentry","category-blogue","tag-chevrolet","tag-gm","tag-vehicules-electriques"],"_links":{"self":[{"href":"https:\/\/www.albilegeant.com\/articles\/wp-json\/wp\/v2\/posts\/17820","targetHints":{"allow":["GET"]}}],"collection":[{"href":"https:\/\/www.albilegeant.com\/articles\/wp-json\/wp\/v2\/posts"}],"about":[{"href":"https:\/\/www.albilegeant.com\/articles\/wp-json\/wp\/v2\/types\/post"}],"author":[{"embeddable":true,"href":"https:\/\/www.albilegeant.com\/articles\/wp-json\/wp\/v2\/users\/5"}],"replies":[{"embeddable":true,"href":"https:\/\/www.albilegeant.com\/articles\/wp-json\/wp\/v2\/comments?post=17820"}],"version-history":[{"count":2,"href":"https:\/\/www.albilegeant.com\/articles\/wp-json\/wp\/v2\/posts\/17820\/revisions"}],"predecessor-version":[{"id":17831,"href":"https:\/\/www.albilegeant.com\/articles\/wp-json\/wp\/v2\/posts\/17820\/revisions\/17831"}],"wp:featuredmedia":[{"embeddable":true,"href":"https:\/\/www.albilegeant.com\/articles\/wp-json\/wp\/v2\/media\/17821"}],"wp:attachment":[{"href":"https:\/\/www.albilegeant.com\/articles\/wp-json\/wp\/v2\/media?parent=17820"}],"wp:term":[{"taxonomy":"category","embeddable":true,"href":"https:\/\/www.albilegeant.com\/articles\/wp-json\/wp\/v2\/categories?post=17820"},{"taxonomy":"post_tag","embeddable":true,"href":"https:\/\/www.albilegeant.com\/articles\/wp-json\/wp\/v2\/tags?post=17820"}],"curies":[{"name":"wp","href":"https:\/\/api.w.org\/{rel}","templated":true}]}}