{"id":1826,"date":"2014-11-03T17:12:08","date_gmt":"2014-11-03T22:12:08","guid":{"rendered":"http:\/\/www.albilegeant.com\/articles\/?p=1826"},"modified":"2019-02-27T10:54:20","modified_gmt":"2019-02-27T15:54:20","slug":"sao-paolo-inspire-fiat-nissan","status":"publish","type":"post","link":"https:\/\/www.albilegeant.com\/articles\/blogue\/sao-paolo-inspire-fiat-nissan\/","title":{"rendered":"Sao Paolo inspire Fiat et Nissan"},"content":{"rendered":"<p>Deux voitures concepts. Deux compagnies. Un seul pays.<\/p>\n<p>Le Br\u00e9sil et la grande ville de Sao Paolo ont inspir\u00e9 deux grands constructeurs automobiles. \u00c0 l&rsquo;occasion du salon de l&rsquo;auto de Sao Paolo, Fiat et Nissan ont d\u00e9voil\u00e9 deux voitures concepts. Si l&rsquo;un de ces concepts a une port\u00e9e plus internationale, l&rsquo;autre semble avoir a \u00e9t\u00e9 inspir\u00e9 par la population br\u00e9silienne.<\/p>\n<p><!--more--><\/p>\n<h2>La\u00a0FCC4 de Fiat<\/h2>\n<p>Bien que le Salon de l\u2019auto de Sao Paolo reste humble en comparaison aux autres grands rassemblements mondiaux, cela n\u2019a pas emp\u00each\u00e9 Fiat d\u2019y d\u00e9voiler <strong>un concept unique au design fluide<\/strong>, un rien futuriste, qui joue int\u00e9gralement <strong>la carte du <em>crossover<\/em><\/strong>.<\/p>\n<p>Imaginer un camion de style RAM, un coup\u00e9 sport Fiat, un multisegment <a title=\"ALBI Chrysler Dodge Jeep Ram Fiat\" href=\"http:\/\/www.albichrysler.com\/fr\/?utm_source=blog&amp;utm_medium=referral&amp;utm_campaign=Blog_ALBI\" target=\"_blank\">Chrysler <\/a>et un v\u00e9hicule utilitaire Jeep, tous mis ensemble et agr\u00e9ment\u00e9 par ce qui ressemble \u00e0 une boite de camionnette. Le nez est <strong>agressif<\/strong>, le toit plat et les porti\u00e8res sont pourvues de lignes a\u00e9rodynamiques un rien futuriste. \u00c0 l&rsquo;arri\u00e8re, deux portes in\u00e9gales. Peu de chance de voir circuler sur nos routes ce v\u00e9hicule concept. Mais on peut imaginer dans quelle direction souhaite se tourner Fiat dans les prochaines ann\u00e9es.<\/p>\n<p><a href=\"http:\/\/www.albilegeant.com\/articles\/wp-content\/uploads\/2014\/11\/Fiatsaopaulo.jpg\"><img loading=\"lazy\" decoding=\"async\" class=\"alignnone wp-image-1861 \" src=\"http:\/\/www.albilegeant.com\/articles\/wp-content\/uploads\/2014\/11\/Fiatsaopaulo.jpg\" alt=\"Fiat Sao Paulo\" width=\"324\" height=\"215\" \/><\/a><\/p>\n<h6>source: <a title=\"Fiat inspir\u00e9 par le Br\u00e9sil\" href=\"http:\/\/www.guideautoweb.com\/articles\/27079\/un_concept_fiat_a_saveur_bresilienne\/\" target=\"_blank\">Fr\u00e9d\u00e9rick Boucher-Gaulin<\/a>, Guide de l&rsquo;auto<\/h6>\n<h2>Le Kicks de Nissan<\/h2>\n<p>Difficile d&rsquo;ignorer le clin d&rsquo;oeil qu&rsquo;a fait Nissan au Mondial 2014 en nommant sa nouvelle voiture concept. L&rsquo;\u00e9quipe de Nissan s&rsquo;est directement inspir\u00e9e du Br\u00e9sil pour cr\u00e9er <strong>la Kicks Concept<\/strong>.<\/p>\n<p>Le constructeur, d\u00e9j\u00e0 populaire dans cette partie de l&rsquo;Am\u00e9rique Latine, cherche \u00e0 l&rsquo;\u00e9vidence \u00e0 ravir le coeur des Br\u00e9siliens. <strong>Les lignes du Rogue<\/strong> sont reconnaissables mais on note surtout <strong>l&rsquo;influence du Juke<\/strong> avec ce mod\u00e8le. Combinaison entre l&rsquo;\u00e9nergie et le style color\u00e9 des citadins de Sao Paolo, ce concept ne manquera pas d&rsquo;influencer les futurs mod\u00e8les Nissan.<\/p>\n<p><a title=\"ALBI Nissan \" href=\"http:\/\/www.albinissan.com\" target=\"_blank\">Nissan<\/a> s&rsquo;est fait avare de d\u00e9tails sur ce mod\u00e8le qu&rsquo;il destine d&rsquo;abord aux conducteurs du Br\u00e9sil.<\/p>\n<h6>Sources: <a title=\"Kicks Concept\" href=\"http:\/\/quebec.autoblog.com\/2014\/10\/29\/nissan-devoile-concept-kicks-sao-paulo-video\/\" target=\"_blank\">Guillaume Navarro<\/a>, Autoblog France<\/h6>\n<p>http:\/\/www.youtube.com\/watch?v=um8fe2Zw9pE<\/p>\n<p>&nbsp;<\/p>\n","protected":false},"excerpt":{"rendered":"<p>Deux voitures concepts. Deux compagnies. Un seul pays. Le Br\u00e9sil et la grande ville de Sao Paolo ont inspir\u00e9 deux grands constructeurs automobiles. \u00c0 l&rsquo;occasion du salon de l&rsquo;auto de Sao Paolo, Fiat et Nissan ont d\u00e9voil\u00e9 deux voitures concepts. Si l&rsquo;un de ces concepts a une port\u00e9e plus internationale, l&rsquo;autre semble avoir a \u00e9t\u00e9 [&hellip;]<\/p>\n","protected":false},"author":5,"featured_media":1833,"comment_status":"open","ping_status":"open","sticky":false,"template":"","format":"standard","meta":{"footnotes":""},"categories":[6],"tags":[103,220,69,221,201,68],"class_list":["post-1826","post","type-post","status-publish","format-standard","has-post-thumbnail","hentry","category-blogue","tag-fiat","tag-fiat-fcc4","tag-nissan","tag-nissan-kicks","tag-nouveaux-modeles-fiat","tag-nouveaux-modeles-nissan"],"_links":{"self":[{"href":"https:\/\/www.albilegeant.com\/articles\/wp-json\/wp\/v2\/posts\/1826","targetHints":{"allow":["GET"]}}],"collection":[{"href":"https:\/\/www.albilegeant.com\/articles\/wp-json\/wp\/v2\/posts"}],"about":[{"href":"https:\/\/www.albilegeant.com\/articles\/wp-json\/wp\/v2\/types\/post"}],"author":[{"embeddable":true,"href":"https:\/\/www.albilegeant.com\/articles\/wp-json\/wp\/v2\/users\/5"}],"replies":[{"embeddable":true,"href":"https:\/\/www.albilegeant.com\/articles\/wp-json\/wp\/v2\/comments?post=1826"}],"version-history":[{"count":6,"href":"https:\/\/www.albilegeant.com\/articles\/wp-json\/wp\/v2\/posts\/1826\/revisions"}],"predecessor-version":[{"id":11630,"href":"https:\/\/www.albilegeant.com\/articles\/wp-json\/wp\/v2\/posts\/1826\/revisions\/11630"}],"wp:featuredmedia":[{"embeddable":true,"href":"https:\/\/www.albilegeant.com\/articles\/wp-json\/wp\/v2\/media\/1833"}],"wp:attachment":[{"href":"https:\/\/www.albilegeant.com\/articles\/wp-json\/wp\/v2\/media?parent=1826"}],"wp:term":[{"taxonomy":"category","embeddable":true,"href":"https:\/\/www.albilegeant.com\/articles\/wp-json\/wp\/v2\/categories?post=1826"},{"taxonomy":"post_tag","embeddable":true,"href":"https:\/\/www.albilegeant.com\/articles\/wp-json\/wp\/v2\/tags?post=1826"}],"curies":[{"name":"wp","href":"https:\/\/api.w.org\/{rel}","templated":true}]}}