{"id":19240,"date":"2025-07-15T09:24:00","date_gmt":"2025-07-15T13:24:00","guid":{"rendered":"https:\/\/www.albilegeant.com\/articles\/?p=19240"},"modified":"2025-06-30T09:38:01","modified_gmt":"2025-06-30T13:38:01","slug":"volvo-ex60-nouveau-pas-vers-lelectrique","status":"publish","type":"post","link":"https:\/\/www.albilegeant.com\/articles\/blogue\/volvo-ex60-nouveau-pas-vers-lelectrique\/","title":{"rendered":"Volvo EX60, nouveau pas vers l\u2019\u00e9lectrique"},"content":{"rendered":"\n<p>Le <a href=\"https:\/\/www.albilegeant.com\/articles\/blogue\/volvo-ex60-offre-une-ceinture-intelligente\/\" target=\"_blank\" rel=\"noreferrer noopener\" aria-label=\"Volvo EX60 (s\u2019ouvre dans un nouvel onglet)\">Volvo EX60<\/a> s\u2019appr\u00eate \u00e0 faire son entr\u00e9e sur le march\u00e9, et si vous pensiez que le constructeur su\u00e9dois avait d\u00e9j\u00e0 tout donn\u00e9 avec ses EX30 et EX90, d\u00e9trompez-vous. Pr\u00e9vu pour un lancement d\u00e9but 2026, et une arriv\u00e9e chez <a href=\"https:\/\/www.albivolvo.com\/fr\" target=\"_blank\" rel=\"noreferrer noopener\" aria-label=\"ALBI Volvo (s\u2019ouvre dans un nouvel onglet)\">ALBI Volvo<\/a> dans les semaines qui suivent, ce tout nouveau VUS \u00e9lectrique de taille interm\u00e9diaire viendra prendre la rel\u00e8ve du XC60, un des mod\u00e8les les plus populaires de la marque.<\/p>\n\n\n\n<h3 class=\"wp-block-heading\">Une plateforme pens\u00e9e pour l\u2019\u00e9lectrique <\/h3>\n\n\n\n<p>Con\u00e7u sur la plateforme SPA3, d\u00e9velopp\u00e9e express\u00e9ment pour\nles v\u00e9hicules \u00e9lectriques, le EX60 profite de ce que Volvo a de mieux \u00e0 offrir\nen mati\u00e8re d\u2019ing\u00e9nierie. Selon le constructeur, la nouvelle plateforme offrira\nune meilleure rigidit\u00e9, un espace int\u00e9rieur plus accessible et polyvalent et\nune production plus efficace. <\/p>\n\n\n\n<p>Mais le v\u00e9ritable atout de cette plateforme, c\u2019est qu\u2019elle\npermet d\u2019int\u00e9grer une batterie structurale, c\u2019est-\u00e0-dire une batterie qui fait\npartie de la structure m\u00eame du v\u00e9hicule. R\u00e9sultat : on obtient un v\u00e9hicule plus\nl\u00e9ger, plus solide et capable d\u2019offrir une autonomie sup\u00e9rieure, qui pourrait\navoisiner les 640 kilom\u00e8tres selon les estimations et selon le cycle europ\u00e9en\nWLTP nettement plus optimiste que le n\u00f4tre.<\/p>\n\n\n\n<p>La recharge rapide sera aussi au rendez-vous, gr\u00e2ce \u00e0 une\narchitecture 800 volts. Cela signifie que vous pourrez r\u00e9cup\u00e9rer une grande\npartie de votre autonomie en quelques minutes seulement sur une borne rapide.\nC\u00f4t\u00e9 motorisation, Volvo n\u2019a pas encore tout r\u00e9v\u00e9l\u00e9, mais on s\u2019attend \u00e0 des\nversions \u00e0 un ou deux moteurs, avec une puissance qui pourrait atteindre plus\nde 500 chevaux dans les d\u00e9clinaisons les plus performantes. <\/p>\n\n\n\n<h3 class=\"wp-block-heading\">S\u00e9curit\u00e9 intelligente et innovations scandinaves <\/h3>\n\n\n\n<p>Mais Volvo, c\u2019est avant tout la s\u00e9curit\u00e9. Et l\u00e0 encore, le\nconstructeur innove avec une ceinture de s\u00e9curit\u00e9 intelligente capable de\ns\u2019ajuster automatiquement \u00e0 la morphologie des passagers. Ce syst\u00e8me adaptatif,\nune premi\u00e8re dans l\u2019industrie, vise \u00e0 offrir un niveau de protection encore\njamais vu, en gardant l\u2019esprit de la marque qui a invent\u00e9 la ceinture trois\npoints il y a plus de 60 ans.<\/p>\n\n\n\n<p>Design moderne, habitacle \u00e9pur\u00e9, interface num\u00e9rique \u00e0 jour\ngr\u00e2ce \u00e0 Android Automotive, le EX60 promet une exp\u00e9rience utilisateur fluide et\nagr\u00e9able. Et avec les mises \u00e0 jour logicielles \u00e0 distance, ce mod\u00e8le pourra\nm\u00eame s\u2019am\u00e9liorer avec le temps. Bref, un VUS qu\u2019il faudra d\u00e9couvrir d\u00e8s le\nd\u00e9but de l\u2019ann\u00e9e chez ALBI Volvo.<\/p>\n","protected":false},"excerpt":{"rendered":"<p>Le Volvo EX60 s\u2019appr\u00eate \u00e0 faire son entr\u00e9e sur le march\u00e9, et si vous pensiez que le constructeur su\u00e9dois avait d\u00e9j\u00e0 tout donn\u00e9 avec ses EX30 et EX90, d\u00e9trompez-vous. Pr\u00e9vu pour un lancement d\u00e9but 2026, et une arriv\u00e9e chez ALBI Volvo dans les semaines qui suivent, ce tout nouveau VUS \u00e9lectrique de taille interm\u00e9diaire viendra [&hellip;]<\/p>\n","protected":false},"author":5,"featured_media":19241,"comment_status":"closed","ping_status":"open","sticky":false,"template":"","format":"standard","meta":{"footnotes":""},"categories":[6],"tags":[1274,872],"class_list":["post-19240","post","type-post","status-publish","format-standard","has-post-thumbnail","hentry","category-blogue","tag-ex60","tag-volvo"],"_links":{"self":[{"href":"https:\/\/www.albilegeant.com\/articles\/wp-json\/wp\/v2\/posts\/19240","targetHints":{"allow":["GET"]}}],"collection":[{"href":"https:\/\/www.albilegeant.com\/articles\/wp-json\/wp\/v2\/posts"}],"about":[{"href":"https:\/\/www.albilegeant.com\/articles\/wp-json\/wp\/v2\/types\/post"}],"author":[{"embeddable":true,"href":"https:\/\/www.albilegeant.com\/articles\/wp-json\/wp\/v2\/users\/5"}],"replies":[{"embeddable":true,"href":"https:\/\/www.albilegeant.com\/articles\/wp-json\/wp\/v2\/comments?post=19240"}],"version-history":[{"count":4,"href":"https:\/\/www.albilegeant.com\/articles\/wp-json\/wp\/v2\/posts\/19240\/revisions"}],"predecessor-version":[{"id":19245,"href":"https:\/\/www.albilegeant.com\/articles\/wp-json\/wp\/v2\/posts\/19240\/revisions\/19245"}],"wp:featuredmedia":[{"embeddable":true,"href":"https:\/\/www.albilegeant.com\/articles\/wp-json\/wp\/v2\/media\/19241"}],"wp:attachment":[{"href":"https:\/\/www.albilegeant.com\/articles\/wp-json\/wp\/v2\/media?parent=19240"}],"wp:term":[{"taxonomy":"category","embeddable":true,"href":"https:\/\/www.albilegeant.com\/articles\/wp-json\/wp\/v2\/categories?post=19240"},{"taxonomy":"post_tag","embeddable":true,"href":"https:\/\/www.albilegeant.com\/articles\/wp-json\/wp\/v2\/tags?post=19240"}],"curies":[{"name":"wp","href":"https:\/\/api.w.org\/{rel}","templated":true}]}}