{"id":19284,"date":"2025-07-25T09:00:00","date_gmt":"2025-07-25T13:00:00","guid":{"rendered":"https:\/\/www.albilegeant.com\/articles\/?p=19284"},"modified":"2025-07-10T09:07:19","modified_gmt":"2025-07-10T13:07:19","slug":"kia-ev5-voici-ce-que-lon-sait","status":"publish","type":"post","link":"https:\/\/www.albilegeant.com\/articles\/blogue\/kia-ev5-voici-ce-que-lon-sait\/","title":{"rendered":"Kia EV5, voici ce que l\u2019on sait"},"content":{"rendered":"\n<p>Le Kia EV5 va bient\u00f4t faire son apparition chez <a href=\"https:\/\/www.albikiasteustache.com\/\" target=\"_blank\" rel=\"noreferrer noopener\" aria-label=\"ALBI Kia (s\u2019ouvre dans un nouvel onglet)\">ALBI Kia<\/a> et partout au pays. Chose \u00e9tonnante, le petit v\u00e9hicule au style unique sera offert au Canada mais ne descendra pas, du moins pour le moment, chez nos voisins du Sud. Et \u00e0 la lumi\u00e8re des informations r\u00e9cemment partag\u00e9es, \u00e7a risque d\u2019\u00eatre un excellent ajout \u00e0 la liste d\u00e9j\u00e0 importante de v\u00e9hicules \u00e9lectriques disponibles chez nous.<\/p>\n\n\n\n<h3 class=\"wp-block-heading\">Design audacieux, silhouette affirm\u00e9e <\/h3>\n\n\n\n<p>Le Kia EV5 s\u2019inscrit entre le Niro EV et l\u2019<a href=\"https:\/\/www.albilegeant.com\/articles\/blogue\/des-nouveautes-pour-la-kia-ev6-2025\/\" target=\"_blank\" rel=\"noreferrer noopener\" aria-label=\"EV6 (s\u2019ouvre dans un nouvel onglet)\">EV6<\/a>, autant dans sa taille que dans sa vocation. On parle d\u2019un VUS compact au style unique, avec une silhouette carr\u00e9e et robuste, presque aussi reconnaissable que celle du grand EV9. Kia y applique d\u2019ailleurs sa philosophie de design \u00ab Opposites United \u00bb, avec une signature lumineuse distinctive baptis\u00e9e \u00ab\u00a0Digital Tiger Face\u00a0\u00bb. <\/p>\n\n\n\n<p>\u00c0 bord, Kia promet un habitacle \u00e9pur\u00e9. La planche de bord\nint\u00e8gre un grand \u00e9cran incurv\u00e9, similaire \u00e0 celui de l\u2019EV9, et le constructeur\nmise sur des mat\u00e9riaux \u00e9coresponsables et une finition plus haut de gamme. On\nretrouve aussi des commodit\u00e9s dignes d\u2019un mod\u00e8le familial : banquette arri\u00e8re\nrabattable \u00e0 plat, rangement g\u00e9n\u00e9reux, si\u00e8ges confortables\u2026 et m\u00eame, selon les\nversions, un syst\u00e8me d\u2019\u00e9clairage d\u2019ambiance \u00e9volu\u00e9. <\/p>\n\n\n\n<h3 class=\"wp-block-heading\">Deux motorisations, grande autonomie et recharge rapide <\/h3>\n\n\n\n<p>Sous le capot (ou plut\u00f4t, sous le plancher), Kia pr\u00e9voit\ndeux options m\u00e9caniques pour notre march\u00e9 : une version \u00e0 traction avant\nd\u00e9veloppant 215 chevaux, et une autre \u00e0 rouage int\u00e9gral offrant jusqu\u2019\u00e0 313\nchevaux. Cette derni\u00e8re promet un 0 \u00e0 100 km\/h en environ 6 secondes, de quoi\ndynamiser vos trajets au quotidien. L\u2019autonomie aussi s\u2019annonce solide, avec\nune batterie de 81 kWh qui pourrait offrir jusqu\u2019\u00e0 540 kilom\u00e8tres selon le\ncycle WLTP. Et pour ceux qui s\u2019inqui\u00e8tent de la recharge, Kia annonce un temps\nde 20 \u00e0 80 % en \u00e0 peine 27 minutes gr\u00e2ce \u00e0 la recharge rapide.<\/p>\n\n\n\n<p>Ajoutez \u00e0 cela la capacit\u00e9 V2L \u2014 qui permet d\u2019alimenter vos\nappareils \u00e9lectriques directement \u00e0 partir du v\u00e9hicule \u2014 et vous obtenez un VUS\n\u00e0 la fois pratique, innovant et parfaitement adapt\u00e9 aux r\u00e9alit\u00e9s canadiennes.\nOn attend encore l\u2019annonce des prix exacts, mais il ne fait aucun doute que le\nKia EV5 fera tourner bien des t\u00eates d\u00e8s son arriv\u00e9e pr\u00e9vue pour 2026 chez ALBI\nKia.<\/p>\n","protected":false},"excerpt":{"rendered":"<p>Le Kia EV5 va bient\u00f4t faire son apparition chez ALBI Kia et partout au pays. Chose \u00e9tonnante, le petit v\u00e9hicule au style unique sera offert au Canada mais ne descendra pas, du moins pour le moment, chez nos voisins du Sud. Et \u00e0 la lumi\u00e8re des informations r\u00e9cemment partag\u00e9es, \u00e7a risque d\u2019\u00eatre un excellent ajout [&hellip;]<\/p>\n","protected":false},"author":5,"featured_media":19285,"comment_status":"closed","ping_status":"open","sticky":false,"template":"","format":"standard","meta":{"footnotes":""},"categories":[6],"tags":[1279,1278,51],"class_list":["post-19284","post","type-post","status-publish","format-standard","has-post-thumbnail","hentry","category-blogue","tag-ev5","tag-ev5-2026","tag-kia"],"_links":{"self":[{"href":"https:\/\/www.albilegeant.com\/articles\/wp-json\/wp\/v2\/posts\/19284","targetHints":{"allow":["GET"]}}],"collection":[{"href":"https:\/\/www.albilegeant.com\/articles\/wp-json\/wp\/v2\/posts"}],"about":[{"href":"https:\/\/www.albilegeant.com\/articles\/wp-json\/wp\/v2\/types\/post"}],"author":[{"embeddable":true,"href":"https:\/\/www.albilegeant.com\/articles\/wp-json\/wp\/v2\/users\/5"}],"replies":[{"embeddable":true,"href":"https:\/\/www.albilegeant.com\/articles\/wp-json\/wp\/v2\/comments?post=19284"}],"version-history":[{"count":4,"href":"https:\/\/www.albilegeant.com\/articles\/wp-json\/wp\/v2\/posts\/19284\/revisions"}],"predecessor-version":[{"id":19289,"href":"https:\/\/www.albilegeant.com\/articles\/wp-json\/wp\/v2\/posts\/19284\/revisions\/19289"}],"wp:featuredmedia":[{"embeddable":true,"href":"https:\/\/www.albilegeant.com\/articles\/wp-json\/wp\/v2\/media\/19285"}],"wp:attachment":[{"href":"https:\/\/www.albilegeant.com\/articles\/wp-json\/wp\/v2\/media?parent=19284"}],"wp:term":[{"taxonomy":"category","embeddable":true,"href":"https:\/\/www.albilegeant.com\/articles\/wp-json\/wp\/v2\/categories?post=19284"},{"taxonomy":"post_tag","embeddable":true,"href":"https:\/\/www.albilegeant.com\/articles\/wp-json\/wp\/v2\/tags?post=19284"}],"curies":[{"name":"wp","href":"https:\/\/api.w.org\/{rel}","templated":true}]}}