{"id":19306,"date":"2025-07-28T09:00:00","date_gmt":"2025-07-28T13:00:00","guid":{"rendered":"https:\/\/www.albilegeant.com\/articles\/?p=19306"},"modified":"2025-07-17T12:17:45","modified_gmt":"2025-07-17T16:17:45","slug":"kia-ev9-gt-quand-la-familiale-devient-performance","status":"publish","type":"post","link":"https:\/\/www.albilegeant.com\/articles\/blogue\/kia-ev9-gt-quand-la-familiale-devient-performance\/","title":{"rendered":"Kia EV9 GT, quand la familiale devient performance"},"content":{"rendered":"\n<p>On vous l\u2019a annonc\u00e9 il y a d\u00e9j\u00e0 plusieurs semaines, mais cette fois, c\u2019est vrai\u00a0: la Kia EV9 GT arrive chez ALBI Kia, et elle remplit toutes les promesses qu\u2019elle nous avait faites. Car le EV9 GT, c\u2019est non seulement un grand VUS totalement \u00e9lectrique et efficace, mais c\u2019est aussi une version vitamin\u00e9e qui ne laissera personne indiff\u00e9rent. C\u2019est le genre de v\u00e9hicule qui red\u00e9finit ce que peut \u00eatre un utilitaire familial moderne : muscl\u00e9, technologique et propre!<\/p>\n\n\n\n<h3 class=\"wp-block-heading\">Une m\u00e9canique \u00e9lectrisante et audacieuse <\/h3>\n\n\n\n<p>Sous la carrosserie angulaire du EV9 GT se cache une\nm\u00e9canique s\u00e9rieusement impressionnante. Contrairement aux versions plus\nmodestes, cette d\u00e9clinaison GT re\u00e7oit deux moteurs \u00e9lectriques, un sur chaque\nessieu, offrant ainsi une transmission int\u00e9grale de s\u00e9rie. La puissance\ncombin\u00e9e atteint les 508 chevaux avec le mode \u00ab\u202fBoost\u202f\u00bb, ce qui permet au\nmastodonte de franchir le 0 \u00e0 100\u202fkm\/h en \u00e0 peine 4,3 secondes. <\/p>\n\n\n\n<p>Bonne nouvelle, malgr\u00e9 cet enthousiasme, l\u2019EV9 GT ne\nsacrifie rien \u00e0 l\u2019autonomie gr\u00e2ce \u00e0 sa batterie haute capacit\u00e9 de 99,8\u202fkWh,\nlog\u00e9e dans une architecture 800 volts qui permet une recharge ultrarapide \u00e0 des\nbornes compatibles. Selon Kia, elle permet de franchir jusqu\u2019\u00e0 418 kilom\u00e8tres\nentre deux recharges.<\/p>\n\n\n\n<h3 class=\"wp-block-heading\">Un habitacle sport, moderne et confortable <\/h3>\n\n\n\n<p>\u00c0 bord, on se retrouve en pays connu. L\u2019ambiance est\nfuturiste, avec deux \u00e9crans de 12,3 pouces qui tr\u00f4nent sur la planche de bord\net une sellerie sport qui offre un soutien exemplaire. La version GT ajoute des\naccents verts discrets, des p\u00e9dales en aluminium et des si\u00e8ges baquets\nexclusifs \u00e0 l\u2019avant. <\/p>\n\n\n\n<p>\u00c0 la deuxi\u00e8me rang\u00e9e, Kia conserve l\u2019option des fauteuils\npivotants, transformant l\u2019espace en v\u00e9ritable lounge roulant. On ne parle donc\npas uniquement de puissance, mais on y ajoute le confort et la polyvalence.<\/p>\n\n\n\n<p>C\u00f4t\u00e9 technologies, le <a href=\"https:\/\/www.albikiasteustache.com\/neufs\/Kia-EV9-2026.html\" target=\"_blank\" rel=\"noreferrer noopener\" aria-label=\"Kia EV9 GT 2026 (s\u2019ouvre dans un nouvel onglet)\">Kia EV9 GT 2026<\/a> propose aussi la conduite semi-autonome de niveau 3, rendue possible gr\u00e2ce \u00e0 une panoplie de capteurs et de cam\u00e9ras, incluant un syst\u00e8me LiDAR. Il dispose \u00e9galement de la fonction V2L (Vehicle to Load), qui permet d\u2019alimenter des appareils externes \u00e0 m\u00eame la batterie du v\u00e9hicule. M\u00eame en camping, vous pourrez brancher votre cafeti\u00e8re et savourer votre breuvage pr\u00e9f\u00e9r\u00e9 en plein air.<\/p>\n\n\n\n<p>Le <a href=\"https:\/\/www.albilegeant.com\/articles\/blogue\/kia-ev4-et-k4-hatchback-2026-deux-arrivees-attendues\/\" target=\"_blank\" rel=\"noreferrer noopener\" aria-label=\"Kia (s\u2019ouvre dans un nouvel onglet)\">Kia<\/a> EV9 GT offre tout ce qu\u2019un grand VUS \u00e9lectrique peut offrir\u00a0: de l\u2019espace, du confort et beaucoup de technologies. Il ne vous reste qu\u2019\u00e0 vous rendre chez <a href=\"https:\/\/www.albikia.com\/\" target=\"_blank\" rel=\"noreferrer noopener\" aria-label=\"ALBI Kia (s\u2019ouvre dans un nouvel onglet)\">ALBI Kia<\/a> pour en faire l\u2019essai.<\/p>\n","protected":false},"excerpt":{"rendered":"<p>On vous l\u2019a annonc\u00e9 il y a d\u00e9j\u00e0 plusieurs semaines, mais cette fois, c\u2019est vrai\u00a0: la Kia EV9 GT arrive chez ALBI Kia, et elle remplit toutes les promesses qu\u2019elle nous avait faites. Car le EV9 GT, c\u2019est non seulement un grand VUS totalement \u00e9lectrique et efficace, mais c\u2019est aussi une version vitamin\u00e9e qui ne [&hellip;]<\/p>\n","protected":false},"author":5,"featured_media":19308,"comment_status":"closed","ping_status":"open","sticky":false,"template":"","format":"standard","meta":{"footnotes":""},"categories":[6],"tags":[1141,51],"class_list":["post-19306","post","type-post","status-publish","format-standard","has-post-thumbnail","hentry","category-blogue","tag-ev9","tag-kia"],"_links":{"self":[{"href":"https:\/\/www.albilegeant.com\/articles\/wp-json\/wp\/v2\/posts\/19306","targetHints":{"allow":["GET"]}}],"collection":[{"href":"https:\/\/www.albilegeant.com\/articles\/wp-json\/wp\/v2\/posts"}],"about":[{"href":"https:\/\/www.albilegeant.com\/articles\/wp-json\/wp\/v2\/types\/post"}],"author":[{"embeddable":true,"href":"https:\/\/www.albilegeant.com\/articles\/wp-json\/wp\/v2\/users\/5"}],"replies":[{"embeddable":true,"href":"https:\/\/www.albilegeant.com\/articles\/wp-json\/wp\/v2\/comments?post=19306"}],"version-history":[{"count":4,"href":"https:\/\/www.albilegeant.com\/articles\/wp-json\/wp\/v2\/posts\/19306\/revisions"}],"predecessor-version":[{"id":19311,"href":"https:\/\/www.albilegeant.com\/articles\/wp-json\/wp\/v2\/posts\/19306\/revisions\/19311"}],"wp:featuredmedia":[{"embeddable":true,"href":"https:\/\/www.albilegeant.com\/articles\/wp-json\/wp\/v2\/media\/19308"}],"wp:attachment":[{"href":"https:\/\/www.albilegeant.com\/articles\/wp-json\/wp\/v2\/media?parent=19306"}],"wp:term":[{"taxonomy":"category","embeddable":true,"href":"https:\/\/www.albilegeant.com\/articles\/wp-json\/wp\/v2\/categories?post=19306"},{"taxonomy":"post_tag","embeddable":true,"href":"https:\/\/www.albilegeant.com\/articles\/wp-json\/wp\/v2\/tags?post=19306"}],"curies":[{"name":"wp","href":"https:\/\/api.w.org\/{rel}","templated":true}]}}