{"id":19549,"date":"2025-10-23T09:00:00","date_gmt":"2025-10-23T13:00:00","guid":{"rendered":"https:\/\/www.albilegeant.com\/articles\/?p=19549"},"modified":"2025-10-17T11:08:10","modified_gmt":"2025-10-17T15:08:10","slug":"em90-volvo-reinvente-la-fourgonnette-haut-de-gamme","status":"publish","type":"post","link":"https:\/\/www.albilegeant.com\/articles\/blogue\/em90-volvo-reinvente-la-fourgonnette-haut-de-gamme\/","title":{"rendered":"EM90 : Volvo r\u00e9invente la fourgonnette haut de gamme"},"content":{"rendered":"\n<p>Volvo pr\u00e9pare une nouvelle incursion sur le march\u00e9\nnord-am\u00e9ricain avec un projet qui pourrait transformer la fa\u00e7on dont les\nfamilles envisagent leurs d\u00e9placements : l\u2019arriv\u00e9e d\u2019une version hybride de son\nEM90, un grand fourgon d\u00e9j\u00e0 lanc\u00e9 en Chine sous forme 100 % \u00e9lectrique. Cette\nd\u00e9clinaison, encore non confirm\u00e9e officiellement, marierait espace, luxe et\nefficacit\u00e9 \u00e9nerg\u00e9tique, tout en restant fid\u00e8le \u00e0 la philosophie propre \u00e0 Volvo\nde confort et de s\u00e9curit\u00e9.<\/p>\n\n\n\n<h3 class=\"wp-block-heading\">Une preuve qui en dit long <\/h3>\n\n\n\n<p>Les documents r\u00e9cemment d\u00e9pos\u00e9s aupr\u00e8s de l\u2019Office am\u00e9ricain\ndes brevets et marques donnent un indice r\u00e9v\u00e9lateur. On y aper\u00e7oit des sch\u00e9mas\nd\u2019un v\u00e9hicule dot\u00e9 de deux trappes distinctes, l\u2019une pour un r\u00e9servoir de\ncarburant et l\u2019autre destin\u00e9e \u00e0 la recharge \u00e9lectrique. Un d\u00e9tail technique qui\nlaisse peu de doute : Volvo semble pr\u00e9parer un mod\u00e8le hybride rechargeable,\ncapable de combiner autonomie prolong\u00e9e et r\u00e9duction de consommation.<\/p>\n\n\n\n<p>L\u2019EM90 ne chercherait pas \u00e0 rivaliser avec les\nminifourgonnettes familiales plus abordables. Au contraire, il viserait une\nclient\u00e8le exigeante qui recherche une exp\u00e9rience de voyage raffin\u00e9e. On parle\nici d\u2019un habitacle soign\u00e9, de mat\u00e9riaux haut de gamme et d\u2019un confort\n\u00e9quivalent \u00e0 ce que l\u2019on retrouve en classe affaires. En gros, l\u2019EM90 est une\nminifourgonnette de luxe, destin\u00e9e \u00e0 ceux qui veulent voyager en confort et en\nfamille. <\/p>\n\n\n\n<h3 class=\"wp-block-heading\">Production locale et strat\u00e9gie \u00e0 long terme <\/h3>\n\n\n\n<p>La strat\u00e9gie de <a href=\"https:\/\/www.albilegeant.com\/articles\/blogue\/volvo-ex60-nouvelles-technologies-et-autonomie-impressionnantes\/\" target=\"_blank\" rel=\"noreferrer noopener\" aria-label=\"Volvo (s\u2019ouvre dans un nouvel onglet)\">Volvo<\/a> pour l\u2019Am\u00e9rique du Nord s\u2019inscrit dans une logique de production locale. Le constructeur a d\u00e9j\u00e0 confirm\u00e9 son intention de fabriquer de nouveaux mod\u00e8les hybrides dans son usine am\u00e9ricaine d\u2019ici 2030\u2026 et le EM90 pourrait bien faire partie de ces nouveaux mod\u00e8les. Cette annonce renforce l\u2019id\u00e9e que l\u2019EM90 pourrait rapidement faire son entr\u00e9e sur nos routes. <\/p>\n\n\n\n<p>La d\u00e9marche s\u2019inscrit \u00e9galement dans une tendance plus large\nobserv\u00e9e chez d\u2019autres marques de prestige. Mercedes, entre autres, a r\u00e9cemment\npr\u00e9sent\u00e9 des concepts de vans \u00e9lectriques luxueux pens\u00e9s pour le continent\nnord-am\u00e9ricain. Avec son design raffin\u00e9 et ses solutions technologiques, l\u2019EM90\naurait tout pour s\u2019imposer comme une alternative s\u00e9rieuse.<\/p>\n\n\n\n<p>La bonne nouvelle, c\u2019est que l\u2019arriv\u00e9e potentielle de ce\nmod\u00e8le hybride rechargeable offrirait une nouvelle option aux amateurs de\nVolvo. Ceux-ci retrouveraient la combinaison de style, d\u2019innovation et de\nfiabilit\u00e9 qui caract\u00e9rise la marque, dans un format in\u00e9dit adapt\u00e9 aux besoins\nmodernes des familles. <\/p>\n\n\n\n<p>Sachez que d\u00e8s que l\u2019EM90 sera disponible, on l\u2019offrira chez\nALBI Volvo. Mais en attendant, les familles peuvent se tourner vers le XC90\nPHEV qui marie confort et \u00e9conomie!<\/p>\n","protected":false},"excerpt":{"rendered":"<p>Volvo pr\u00e9pare une nouvelle incursion sur le march\u00e9 nord-am\u00e9ricain avec un projet qui pourrait transformer la fa\u00e7on dont les familles envisagent leurs d\u00e9placements : l\u2019arriv\u00e9e d\u2019une version hybride de son EM90, un grand fourgon d\u00e9j\u00e0 lanc\u00e9 en Chine sous forme 100 % \u00e9lectrique. Cette d\u00e9clinaison, encore non confirm\u00e9e officiellement, marierait espace, luxe et efficacit\u00e9 \u00e9nerg\u00e9tique, [&hellip;]<\/p>\n","protected":false},"author":5,"featured_media":19550,"comment_status":"closed","ping_status":"open","sticky":false,"template":"","format":"standard","meta":{"footnotes":""},"categories":[6],"tags":[1289,872],"class_list":["post-19549","post","type-post","status-publish","format-standard","has-post-thumbnail","hentry","category-blogue","tag-em90","tag-volvo"],"_links":{"self":[{"href":"https:\/\/www.albilegeant.com\/articles\/wp-json\/wp\/v2\/posts\/19549","targetHints":{"allow":["GET"]}}],"collection":[{"href":"https:\/\/www.albilegeant.com\/articles\/wp-json\/wp\/v2\/posts"}],"about":[{"href":"https:\/\/www.albilegeant.com\/articles\/wp-json\/wp\/v2\/types\/post"}],"author":[{"embeddable":true,"href":"https:\/\/www.albilegeant.com\/articles\/wp-json\/wp\/v2\/users\/5"}],"replies":[{"embeddable":true,"href":"https:\/\/www.albilegeant.com\/articles\/wp-json\/wp\/v2\/comments?post=19549"}],"version-history":[{"count":3,"href":"https:\/\/www.albilegeant.com\/articles\/wp-json\/wp\/v2\/posts\/19549\/revisions"}],"predecessor-version":[{"id":19553,"href":"https:\/\/www.albilegeant.com\/articles\/wp-json\/wp\/v2\/posts\/19549\/revisions\/19553"}],"wp:featuredmedia":[{"embeddable":true,"href":"https:\/\/www.albilegeant.com\/articles\/wp-json\/wp\/v2\/media\/19550"}],"wp:attachment":[{"href":"https:\/\/www.albilegeant.com\/articles\/wp-json\/wp\/v2\/media?parent=19549"}],"wp:term":[{"taxonomy":"category","embeddable":true,"href":"https:\/\/www.albilegeant.com\/articles\/wp-json\/wp\/v2\/categories?post=19549"},{"taxonomy":"post_tag","embeddable":true,"href":"https:\/\/www.albilegeant.com\/articles\/wp-json\/wp\/v2\/tags?post=19549"}],"curies":[{"name":"wp","href":"https:\/\/api.w.org\/{rel}","templated":true}]}}