{"id":1965,"date":"2014-11-06T13:35:46","date_gmt":"2014-11-06T18:35:46","guid":{"rendered":"http:\/\/www.albilegeant.com\/articles\/?p=1965"},"modified":"2014-11-06T13:48:25","modified_gmt":"2014-11-06T18:48:25","slug":"mazda-mx-5-se-lance-coupe-mx5","status":"publish","type":"post","link":"https:\/\/www.albilegeant.com\/articles\/actualites\/mazda-mx-5-se-lance-coupe-mx5\/","title":{"rendered":"La Mazda MX-5 se lance dans la Coupe MX-5"},"content":{"rendered":"<p>Mazda n&rsquo;a pas ch\u00f4m\u00e9. Apr\u00e8s avoir pr\u00e9sent\u00e9 la version 2016 de sa nouvelle Mazda MX-5, le constructeur nippon a confirm\u00e9 le retour de la petite voiture dans une s\u00e9rie de courses qui lui sera d\u00e9di\u00e9e. C\u2019est donc un grand retour \u00e0 la comp\u00e9tition pour le petit et populaire roadster de Mazda.<!--more--><\/p>\n<p>La MX-5 Cup ne sera toutefois pas purement canadienne. Au contraire, Mazda a choisi de d\u00e9velopper <strong>la s\u00e9rie de courses sur le plan mondial<\/strong>, avec des \u00e9preuves disput\u00e9es en <strong>Asie, en Europe et en Am\u00e9rique<\/strong>. Le calendrier d\u00e9finitif sera d\u00e9voil\u00e9 au cours des prochaines semaines. La seule version officielle: <strong>la s\u00e9rie se conclura en Californie, \u00e0 Monterey, sur la piste de Mazda Raceway Laguna Seca<\/strong>, qui a aussi \u00e9t\u00e9 le th\u00e9\u00e2tre de la premi\u00e8re pr\u00e9sentation publique du nouveau mod\u00e8le.<\/p>\n<p>Il faudra cependant faire preuve de patience puisque la s\u00e9rie ne d\u00e9butera pas avant l\u2019\u00e9t\u00e9 2016. Mazda a tout de m\u00eame profit\u00e9 du SEMA show de Las Vegas pour d\u00e9voiler la voiture officielle. On note plusieurs changements, dont <strong>l\u2019ajout d\u2019une cage de s\u00e9curit\u00e9<\/strong> et<strong> l\u2019all\u00e8gement g\u00e9n\u00e9ral de la <a title=\"Mazda MX-5\" href=\"http:\/\/www.albimazda.com\/vehicules\/vehicules-neufs\/mazda-mx-5\/\" target=\"_blank\">Mazda MX-5<\/a><\/strong>. Aucun d\u00e9tail cependant n&rsquo;a perc\u00e9 sur les changements r\u00e9els en mati\u00e8re de poids.<\/p>\n<p>Sous le capot, <strong>le moteur L4 SkyActiv-G de 2.0 litres<\/strong> dont la puissance reste \u00e0 d\u00e9terminer. Les suspensions et les pneus continuent de faire l&rsquo;objet de tests, et Mazda annoncera au printemps les sp\u00e9cifications d\u00e9finitives de la voiture de course.<\/p>\n<p>Afin de s\u2019assurer de l\u2019uniformit\u00e9 des Mazda MX-5 certifi\u00e9s \u00ab\u00a0Ready to Race\u00a0\u00bb un seul pr\u00e9parateur aura le droit de mettre la main sur les voitures qui participeront \u00e0 la ligne de d\u00e9part.<\/p>\n","protected":false},"excerpt":{"rendered":"<p>Mazda n&rsquo;a pas ch\u00f4m\u00e9. Apr\u00e8s avoir pr\u00e9sent\u00e9 la version 2016 de sa nouvelle Mazda MX-5, le constructeur nippon a confirm\u00e9 le retour de la petite voiture dans une s\u00e9rie de courses qui lui sera d\u00e9di\u00e9e. C\u2019est donc un grand retour \u00e0 la comp\u00e9tition pour le petit et populaire roadster de Mazda.<\/p>\n","protected":false},"author":5,"featured_media":1966,"comment_status":"open","ping_status":"open","sticky":false,"template":"","format":"standard","meta":{"footnotes":""},"categories":[5],"tags":[8,100,109],"class_list":["post-1965","post","type-post","status-publish","format-standard","has-post-thumbnail","hentry","category-actualites","tag-mazda","tag-mazda-mx-5","tag-mazda-mx-5-2016"],"_links":{"self":[{"href":"https:\/\/www.albilegeant.com\/articles\/wp-json\/wp\/v2\/posts\/1965","targetHints":{"allow":["GET"]}}],"collection":[{"href":"https:\/\/www.albilegeant.com\/articles\/wp-json\/wp\/v2\/posts"}],"about":[{"href":"https:\/\/www.albilegeant.com\/articles\/wp-json\/wp\/v2\/types\/post"}],"author":[{"embeddable":true,"href":"https:\/\/www.albilegeant.com\/articles\/wp-json\/wp\/v2\/users\/5"}],"replies":[{"embeddable":true,"href":"https:\/\/www.albilegeant.com\/articles\/wp-json\/wp\/v2\/comments?post=1965"}],"version-history":[{"count":4,"href":"https:\/\/www.albilegeant.com\/articles\/wp-json\/wp\/v2\/posts\/1965\/revisions"}],"predecessor-version":[{"id":1970,"href":"https:\/\/www.albilegeant.com\/articles\/wp-json\/wp\/v2\/posts\/1965\/revisions\/1970"}],"wp:featuredmedia":[{"embeddable":true,"href":"https:\/\/www.albilegeant.com\/articles\/wp-json\/wp\/v2\/media\/1966"}],"wp:attachment":[{"href":"https:\/\/www.albilegeant.com\/articles\/wp-json\/wp\/v2\/media?parent=1965"}],"wp:term":[{"taxonomy":"category","embeddable":true,"href":"https:\/\/www.albilegeant.com\/articles\/wp-json\/wp\/v2\/categories?post=1965"},{"taxonomy":"post_tag","embeddable":true,"href":"https:\/\/www.albilegeant.com\/articles\/wp-json\/wp\/v2\/tags?post=1965"}],"curies":[{"name":"wp","href":"https:\/\/api.w.org\/{rel}","templated":true}]}}