{"id":19687,"date":"2025-12-07T09:00:00","date_gmt":"2025-12-07T14:00:00","guid":{"rendered":"https:\/\/www.albilegeant.com\/articles\/?p=19687"},"modified":"2025-11-18T12:52:54","modified_gmt":"2025-11-18T17:52:54","slug":"hyundai-crater-un-preconcept-se-devoile-legerement","status":"publish","type":"post","link":"https:\/\/www.albilegeant.com\/articles\/blogue\/hyundai-crater-un-preconcept-se-devoile-legerement\/","title":{"rendered":"Hyundai Crater, un pr\u00e9concept se d\u00e9voile l\u00e9g\u00e8rement"},"content":{"rendered":"\n<p><a href=\"https:\/\/www.albihyundai.com\/\" target=\"_blank\" rel=\"noreferrer noopener\" aria-label=\"Hyundai (s\u2019ouvre dans un nouvel onglet)\">Hyundai<\/a> a d\u00e9cid\u00e9 de nous faire un petit num\u00e9ro de striptease automobile. Pas le genre dramatique, plut\u00f4t le genre o\u00f9 on voit juste assez pour vouloir en voir plus. Le constructeur a publi\u00e9 quelques images de son nouveau concept baptis\u00e9 Crater, sans vraiment nous dire ce qu\u2019il pr\u00e9pare. Le d\u00e9voilement complet aura lieu au salon Automobilit\u00e9 de Los Angeles, mais entre-temps, tout le monde essaie de deviner ce que la marque nous mijote.<\/p>\n\n\n\n<h3 class=\"wp-block-heading\">Un myst\u00e8re soigneusement entretenu par Hyundai<\/h3>\n\n\n\n<p>\u00c0 premi\u00e8re vue, le Crater adopte une silhouette qui sort un\npeu du lot. Les photos montrent un v\u00e9hicule aux lignes angulaires. Ce n\u2019est pas\nd\u00e9plaisant : Hyundai semble continuer d\u2019explorer son look futuriste, avec des\nformes g\u00e9om\u00e9triques bien d\u00e9finies et surtout ces fameuses lumi\u00e8res\n\u00ab&nbsp;pixelis\u00e9es&nbsp;\u00bb qu\u2019on retrouve d\u00e9j\u00e0 sur sa gamme \u00e9lectrique Ioniq. \u00c7a\ndonne un peu l\u2019impression d\u2019un v\u00e9hicule qui aurait saut\u00e9 tout droit d\u2019un film\nde science-fiction, mais version \u00e9l\u00e9gante.<\/p>\n\n\n\n<h3 class=\"wp-block-heading\">Un design angulaire au look futuriste<\/h3>\n\n\n\n<p>Est-ce un VUS ? Un multisegment ? Quelque chose de\ncompl\u00e8tement nouveau ? Pour l\u2019instant, Hyundai garde le silence. La silhouette\nplus verticale laisse croire \u00e0 un mod\u00e8le utilitaire, ou du moins \u00e0 un v\u00e9hicule\nqui compte offrir de l\u2019espace. Mais tant que la marque ne confirme rien, tout\nle monde y va de son hypoth\u00e8se. Certains parient sur un concept \u00e9lectrique,\nd\u2019autres pensent qu\u2019il s\u2019agit surtout d\u2019un exercice de style. Bref, les paris\nsont ouverts.<\/p>\n\n\n\n<h3 class=\"wp-block-heading\">Concept utilitaire ou simple exercice de style ?<\/h3>\n\n\n\n<p>L\u2019int\u00e9rieur, lui, demeure un secret complet. Aucune image,\naucun indice, juste une mention vague sur \u00ab&nbsp;l\u2019exp\u00e9rience\nutilisateur&nbsp;\u00bb. C\u2019est un terme que les constructeurs aiment utiliser quand\nils pr\u00e9parent quelque chose de particulier, sans vouloir en parler tout de\nsuite. Peut-\u00eatre un habitacle ultra-minimaliste ? Une interface qui r\u00e9agit \u00e0 la\nvoix, au toucher\u2026 ou au simple fait de cligner des yeux ? On ne sait jamais\u2026<\/p>\n\n\n\n<p>Le Crater se pr\u00e9sente comme une sorte d\u2019\u00e9nigme roulante, et\nce n\u2019est pas d\u00e9sagr\u00e9able. Dans une industrie o\u00f9 tout finit par fuiter avant\nl\u2019heure, voir un constructeur r\u00e9ussir \u00e0 garder un peu de myst\u00e8re, \u00e7a fait\npresque du bien.<\/p>\n\n\n\n<h3 class=\"wp-block-heading\">Un d\u00e9voilement tr\u00e8s attendu<\/h3>\n\n\n\n<p>On saura enfin de quoi il retourne dans quelques jours. D\u2019ici l\u00e0, on peut au moins appr\u00e9cier l\u2019audace du design et le plaisir que Hyundai a manifestement \u00e0 brouiller les pistes. Si le Crater est aussi int\u00e9ressant qu\u2019il en a l\u2019air, l\u2019attente en vaudra peut-\u00eatre la peine. Et chez <a href=\"https:\/\/www.albilegeant.com\/fr\/\" target=\"_blank\" rel=\"noreferrer noopener\" aria-label=\"ALBI le G\u00e9ant (s\u2019ouvre dans un nouvel onglet)\">ALBI le G\u00e9ant<\/a>, on garde l\u2019\u0153il ouvert parce qu\u2019on adore \u00e7a, les nouvelles bibittes sur roues.<\/p>\n","protected":false},"excerpt":{"rendered":"<p>Hyundai a d\u00e9cid\u00e9 de nous faire un petit num\u00e9ro de striptease automobile. Pas le genre dramatique, plut\u00f4t le genre o\u00f9 on voit juste assez pour vouloir en voir plus. Le constructeur a publi\u00e9 quelques images de son nouveau concept baptis\u00e9 Crater, sans vraiment nous dire ce qu\u2019il pr\u00e9pare. Le d\u00e9voilement complet aura lieu au salon [&hellip;]<\/p>\n","protected":false},"author":5,"featured_media":19688,"comment_status":"closed","ping_status":"open","sticky":false,"template":"","format":"standard","meta":{"footnotes":""},"categories":[6],"tags":[65,1293],"class_list":["post-19687","post","type-post","status-publish","format-standard","has-post-thumbnail","hentry","category-blogue","tag-hyundai","tag-preconcept"],"_links":{"self":[{"href":"https:\/\/www.albilegeant.com\/articles\/wp-json\/wp\/v2\/posts\/19687","targetHints":{"allow":["GET"]}}],"collection":[{"href":"https:\/\/www.albilegeant.com\/articles\/wp-json\/wp\/v2\/posts"}],"about":[{"href":"https:\/\/www.albilegeant.com\/articles\/wp-json\/wp\/v2\/types\/post"}],"author":[{"embeddable":true,"href":"https:\/\/www.albilegeant.com\/articles\/wp-json\/wp\/v2\/users\/5"}],"replies":[{"embeddable":true,"href":"https:\/\/www.albilegeant.com\/articles\/wp-json\/wp\/v2\/comments?post=19687"}],"version-history":[{"count":1,"href":"https:\/\/www.albilegeant.com\/articles\/wp-json\/wp\/v2\/posts\/19687\/revisions"}],"predecessor-version":[{"id":19689,"href":"https:\/\/www.albilegeant.com\/articles\/wp-json\/wp\/v2\/posts\/19687\/revisions\/19689"}],"wp:featuredmedia":[{"embeddable":true,"href":"https:\/\/www.albilegeant.com\/articles\/wp-json\/wp\/v2\/media\/19688"}],"wp:attachment":[{"href":"https:\/\/www.albilegeant.com\/articles\/wp-json\/wp\/v2\/media?parent=19687"}],"wp:term":[{"taxonomy":"category","embeddable":true,"href":"https:\/\/www.albilegeant.com\/articles\/wp-json\/wp\/v2\/categories?post=19687"},{"taxonomy":"post_tag","embeddable":true,"href":"https:\/\/www.albilegeant.com\/articles\/wp-json\/wp\/v2\/tags?post=19687"}],"curies":[{"name":"wp","href":"https:\/\/api.w.org\/{rel}","templated":true}]}}