{"id":19782,"date":"2026-01-19T09:00:00","date_gmt":"2026-01-19T14:00:00","guid":{"rendered":"https:\/\/www.albilegeant.com\/articles\/?p=19782"},"modified":"2026-01-08T12:02:48","modified_gmt":"2026-01-08T17:02:48","slug":"la-kia-k4-la-hatchback-abordable","status":"publish","type":"post","link":"https:\/\/www.albilegeant.com\/articles\/blogue\/la-kia-k4-la-hatchback-abordable\/","title":{"rendered":"La Kia K4, la \u00ab hatchback \u00bb abordable"},"content":{"rendered":"\n<p>La nouvelle <a href=\"https:\/\/www.albilegeant.com\/articles\/blogue\/kia-ev4-et-k4-hatchback-2026-deux-arrivees-attendues\/?gad_source=1&amp;gad_campaignid=22785286067&amp;gbraid=0AAAAADlZ7kuIoQTCAYk-dLX10TfYlvO_G&amp;gclid=EAIaIQobChMIrrPF07X8kQMV2k5HAR0HtybgEAAYAiAAEgL8g_D_BwE\" target=\"_blank\" rel=\"noreferrer noopener\" aria-label=\"Kia K4 \u00e0 hayon 2026 (s\u2019ouvre dans un nouvel onglet)\">Kia K4 \u00e0 hayon 2026<\/a> marque une \u00e9tape importante pour les amateurs de voitures compactes au Canada. De plus, elle arrive en concession d\u00e8s janvier 2026 et se distingue d\u2019embl\u00e9e par un argument qui fera bouger les acheteurs r\u00e9fl\u00e9chis : elle devient la voiture \u00e0 hayon la moins ch\u00e8re de son segment au pays. Ainsi, son prix de d\u00e9tail sugg\u00e9r\u00e9 par le fabricant d\u00e9bute \u00e0 24 795 $, ce qui est moins que la Toyota Corolla Hatchback 2026 et que la Mazda3 sport, deux rivales bien \u00e9tablies qui arrivent en fin de g\u00e9n\u00e9ration. <\/p>\n\n\n\n<h3 class=\"wp-block-heading\">Un prix d\u2019entr\u00e9e qui bouscule le segment des compactes<\/h3>\n\n\n\n<p>Au-del\u00e0 de son prix attractif, derri\u00e8re ce prix comp\u00e9titif\nse cache une voiture qui m\u00e9rite le d\u00e9tour. La K4 \u00e0 hayon partage beaucoup avec\nla berline K4 : m\u00eames \u00e9quipements, m\u00eame d\u00e9gagement aux jambes \u00e0 l\u2019arri\u00e8re, mais\navec une longueur r\u00e9duite de 280 mm, ce qui am\u00e9liore l\u2019agilit\u00e9 en ville et rend\nla conduite plus plaisante au quotidien. Par ailleurs, le hayon procure\n\u00e9galement un coffre polyvalent : 629 litres d\u2019espace de chargement, extensible\n\u00e0 1 680 litres une fois les si\u00e8ges arri\u00e8re rabattus. <\/p>\n\n\n\n<h3 class=\"wp-block-heading\">Format hayon : plus agile en ville et plus polyvalent<\/h3>\n\n\n\n<p>C\u00f4t\u00e9 m\u00e9canique, sous le capot, la gamme de moteurs offre une\nflexibilit\u00e9 int\u00e9ressante. Les versions de base sont anim\u00e9es par un moteur\natmosph\u00e9rique de 2,0 litres d\u00e9veloppant 147 chevaux, associ\u00e9 \u00e0 une transmission\n\u00e0 variation continue. En revanche, pour ceux qui cherchent un peu plus de\ndynamisme, la version GT-Line Turbo propose un moteur turbocompress\u00e9 de 1,6\nlitre avec 190 chevaux et une bo\u00eete automatique \u00e0 8 rapports, ainsi qu\u2019une\nsuspension plus sportive. <\/p>\n\n\n\n<h3 class=\"wp-block-heading\">Deux motorisations pour r\u00e9pondre \u00e0 tous les styles de\nconduite<\/h3>\n\n\n\n<p>\u00c0 bord, la K4 \u00e0 hayon int\u00e8gre des technologies modernes: un\ncockpit ergonomique, connectivit\u00e9 sans fil avec Apple CarPlay et Android Auto,\nainsi que des syst\u00e8mes d\u2019aide \u00e0 la conduite avanc\u00e9s disponible selon les\nversions. <\/p>\n\n\n\n<h3 class=\"wp-block-heading\">Technologies et \u00e9quipements pens\u00e9s pour le quotidien<\/h3>\n\n\n\n<p>En somme, pour les urbains, les jeunes familles ou les conducteurs qui veulent une compacte pratique sans compromis majeur sur l\u2019\u00e9quipement, la Kia K4 \u00e0 hayon 2026 repr\u00e9sente une option convaincante et plut\u00f4t abordable. Disponible d\u00e8s janvier chez <a href=\"https:\/\/www.albilegeant.com\/fr\/\" target=\"_blank\" rel=\"noreferrer noopener\" aria-label=\"ALBI le G\u00e9ant (s\u2019ouvre dans un nouvel onglet)\">ALBI le G\u00e9ant<\/a>, elle pourrait bien red\u00e9finir ce que signifie obtenir une voiture compacte bien \u00e9quip\u00e9e en 2026.<\/p>\n","protected":false},"excerpt":{"rendered":"<p>La nouvelle Kia K4 \u00e0 hayon 2026 marque une \u00e9tape importante pour les amateurs de voitures compactes au Canada. De plus, elle arrive en concession d\u00e8s janvier 2026 et se distingue d\u2019embl\u00e9e par un argument qui fera bouger les acheteurs r\u00e9fl\u00e9chis : elle devient la voiture \u00e0 hayon la moins ch\u00e8re de son segment au [&hellip;]<\/p>\n","protected":false},"author":5,"featured_media":19783,"comment_status":"closed","ping_status":"open","sticky":false,"template":"","format":"standard","meta":{"footnotes":""},"categories":[6],"tags":[1139,51],"class_list":["post-19782","post","type-post","status-publish","format-standard","has-post-thumbnail","hentry","category-blogue","tag-k4","tag-kia"],"_links":{"self":[{"href":"https:\/\/www.albilegeant.com\/articles\/wp-json\/wp\/v2\/posts\/19782","targetHints":{"allow":["GET"]}}],"collection":[{"href":"https:\/\/www.albilegeant.com\/articles\/wp-json\/wp\/v2\/posts"}],"about":[{"href":"https:\/\/www.albilegeant.com\/articles\/wp-json\/wp\/v2\/types\/post"}],"author":[{"embeddable":true,"href":"https:\/\/www.albilegeant.com\/articles\/wp-json\/wp\/v2\/users\/5"}],"replies":[{"embeddable":true,"href":"https:\/\/www.albilegeant.com\/articles\/wp-json\/wp\/v2\/comments?post=19782"}],"version-history":[{"count":1,"href":"https:\/\/www.albilegeant.com\/articles\/wp-json\/wp\/v2\/posts\/19782\/revisions"}],"predecessor-version":[{"id":19784,"href":"https:\/\/www.albilegeant.com\/articles\/wp-json\/wp\/v2\/posts\/19782\/revisions\/19784"}],"wp:featuredmedia":[{"embeddable":true,"href":"https:\/\/www.albilegeant.com\/articles\/wp-json\/wp\/v2\/media\/19783"}],"wp:attachment":[{"href":"https:\/\/www.albilegeant.com\/articles\/wp-json\/wp\/v2\/media?parent=19782"}],"wp:term":[{"taxonomy":"category","embeddable":true,"href":"https:\/\/www.albilegeant.com\/articles\/wp-json\/wp\/v2\/categories?post=19782"},{"taxonomy":"post_tag","embeddable":true,"href":"https:\/\/www.albilegeant.com\/articles\/wp-json\/wp\/v2\/tags?post=19782"}],"curies":[{"name":"wp","href":"https:\/\/api.w.org\/{rel}","templated":true}]}}