{"id":19785,"date":"2026-01-21T09:00:00","date_gmt":"2026-01-21T14:00:00","guid":{"rendered":"https:\/\/www.albilegeant.com\/articles\/?p=19785"},"modified":"2026-01-08T12:56:19","modified_gmt":"2026-01-08T17:56:19","slug":"voici-les-finalistes-des-world-car-awards-2026","status":"publish","type":"post","link":"https:\/\/www.albilegeant.com\/articles\/blogue\/voici-les-finalistes-des-world-car-awards-2026\/","title":{"rendered":"Voici les finalistes des World Car Awards 2026"},"content":{"rendered":"\n<p>La publication des finalistes des World Car Awards 2026 confirme une tendance claire : plusieurs constructeurs bien \u00e9tablis sur le march\u00e9 canadien, et vendu chez <a href=\"https:\/\/www.albilegeant.com\/fr\/\" target=\"_blank\" rel=\"noreferrer noopener\" aria-label=\"ALBI le G\u00e9ant (s\u2019ouvre dans un nouvel onglet)\">ALBI le G\u00e9ant<\/a>, figurent parmi les mod\u00e8les les plus respect\u00e9s \u00e0 l\u2019\u00e9chelle mondiale. \u00c0 cet \u00e9gard, s\u00e9lectionn\u00e9s par un jury international de pr\u00e8s de 100 journalistes automobiles provenant de plus de 30 pays, incluant le Canada, ces v\u00e9hicules incarnent les standards actuels de l\u2019industrie en mati\u00e8re de technologie, de design et de performance.<\/p>\n\n\n\n<h3 class=\"wp-block-heading\">Les World Car Awards 2026 : un gage d\u2019excellence\ninternationale<\/h3>\n\n\n\n<p>D\u2019abord, dans la cat\u00e9gorie la plus prestigieuse, celle du World Car of the Year 2026, les marques cor\u00e9ennes et japonaises dominent largement. Hyundai se distingue avec deux mod\u00e8les finalistes, soit le <a href=\"https:\/\/www.albihyundai.com\/neufs\/Hyundai-IONIQ_9-2026.html?gad_source=1&amp;gad_campaignid=17002008177&amp;gbraid=0AAAAADm_wo48Xy2FiGAHt8qHcgIA5eV8s&amp;gclid=EAIaIQobChMIsJCExsH8kQMVEGNHAR2ZNTD0EAAYAiAAEgIaHvD_BwE&amp;utm_source=SEM&amp;utm_campaign=Agency&amp;utm_medium=cpc\" target=\"_blank\" rel=\"noreferrer noopener\" aria-label=\"Hyundai Ioniq 9 (s\u2019ouvre dans un nouvel onglet)\">Hyundai Ioniq 9<\/a>, un VUS \u00e9lectrique \u00e0 trois rang\u00e9es qui mise sur l\u2019autonomie et l\u2019espace familial, et le Hyundai Palisade, reconnu pour son confort, sa polyvalence et son raffinement. Kia n\u2019est pas en reste avec les EV4 et EV5, deux v\u00e9hicules \u00e9lectriques qui d\u00e9montrent l\u2019agressivit\u00e9 du constructeur en mati\u00e8re d\u2019\u00e9lectrification accessible.<\/p>\n\n\n\n<p>Par ailleurs, du c\u00f4t\u00e9 japonais, la Nissan Leaf, v\u00e9ritable\npionni\u00e8re du v\u00e9hicule \u00e9lectrique moderne, a \u00e9t\u00e9 bien revue et figure parmi les\nmeilleurs v\u00e9hicules de l\u2019ann\u00e9e, preuve de l\u2019\u00e9volution constante du mod\u00e8le. <\/p>\n\n\n\n<h3 class=\"wp-block-heading\">L\u2019\u00e9lectrification au premier plan des finalistes 2026<\/h3>\n\n\n\n<p>Dans cette m\u00eame logique, l\u2019\u00e9lectrification est \u00e9galement au\nc\u0153ur de la cat\u00e9gorie World Electric Vehicle 2026, o\u00f9 l\u2019on retrouve \u00e0 nouveau le\nHyundai Ioniq 9 et la Nissan Leaf. Cette pr\u00e9sence r\u00e9p\u00e9t\u00e9e souligne l\u2019importance\nstrat\u00e9gique de ces mod\u00e8les dans la transition \u00e9nerg\u00e9tique de l\u2019industrie\nautomobile mondiale.<\/p>\n\n\n\n<h3 class=\"wp-block-heading\">Performance et luxe : Corvette et Volvo parmi l\u2019\u00e9lite\nmondiale<\/h3>\n\n\n\n<p>Cela dit, la performance n\u2019est pas oubli\u00e9e. Dans la\ncat\u00e9gorie World Performance Car, la Chevrolet Corvette E-Ray se d\u00e9marque comme\nfinaliste. Il s\u2019agit d\u2019un moment charni\u00e8re pour la Corvette, qui conjugue pour\nla premi\u00e8re fois un syst\u00e8me hybride \u00e0 traction int\u00e9grale avec le caract\u00e8re\nsportif embl\u00e9matique du mod\u00e8le. <\/p>\n\n\n\n<p>Enfin, dans le segment du luxe, Volvo obtient une place\nparmi les finalistes avec la Volvo ES90, un mod\u00e8le qui mise sur un design\n\u00e9pur\u00e9, une approche technologique avanc\u00e9e et une vision durable du haut de\ngamme.<\/p>\n\n\n\n<p>Ainsi, pour les clients d\u2019ALBI le G\u00e9ant, ces nominations\nsont plus qu\u2019un palmar\u00e8s : elles confirment que plusieurs v\u00e9hicules offerts en\nconcession figurent parmi les meilleures r\u00e9f\u00e9rences automobiles mondiales en\n2026.<\/p>\n","protected":false},"excerpt":{"rendered":"<p>La publication des finalistes des World Car Awards 2026 confirme une tendance claire : plusieurs constructeurs bien \u00e9tablis sur le march\u00e9 canadien, et vendu chez ALBI le G\u00e9ant, figurent parmi les mod\u00e8les les plus respect\u00e9s \u00e0 l\u2019\u00e9chelle mondiale. \u00c0 cet \u00e9gard, s\u00e9lectionn\u00e9s par un jury international de pr\u00e8s de 100 journalistes automobiles provenant de plus [&hellip;]<\/p>\n","protected":false},"author":5,"featured_media":19787,"comment_status":"closed","ping_status":"open","sticky":false,"template":"","format":"standard","meta":{"footnotes":""},"categories":[6],"tags":[],"class_list":["post-19785","post","type-post","status-publish","format-standard","has-post-thumbnail","hentry","category-blogue"],"_links":{"self":[{"href":"https:\/\/www.albilegeant.com\/articles\/wp-json\/wp\/v2\/posts\/19785","targetHints":{"allow":["GET"]}}],"collection":[{"href":"https:\/\/www.albilegeant.com\/articles\/wp-json\/wp\/v2\/posts"}],"about":[{"href":"https:\/\/www.albilegeant.com\/articles\/wp-json\/wp\/v2\/types\/post"}],"author":[{"embeddable":true,"href":"https:\/\/www.albilegeant.com\/articles\/wp-json\/wp\/v2\/users\/5"}],"replies":[{"embeddable":true,"href":"https:\/\/www.albilegeant.com\/articles\/wp-json\/wp\/v2\/comments?post=19785"}],"version-history":[{"count":1,"href":"https:\/\/www.albilegeant.com\/articles\/wp-json\/wp\/v2\/posts\/19785\/revisions"}],"predecessor-version":[{"id":19788,"href":"https:\/\/www.albilegeant.com\/articles\/wp-json\/wp\/v2\/posts\/19785\/revisions\/19788"}],"wp:featuredmedia":[{"embeddable":true,"href":"https:\/\/www.albilegeant.com\/articles\/wp-json\/wp\/v2\/media\/19787"}],"wp:attachment":[{"href":"https:\/\/www.albilegeant.com\/articles\/wp-json\/wp\/v2\/media?parent=19785"}],"wp:term":[{"taxonomy":"category","embeddable":true,"href":"https:\/\/www.albilegeant.com\/articles\/wp-json\/wp\/v2\/categories?post=19785"},{"taxonomy":"post_tag","embeddable":true,"href":"https:\/\/www.albilegeant.com\/articles\/wp-json\/wp\/v2\/tags?post=19785"}],"curies":[{"name":"wp","href":"https:\/\/api.w.org\/{rel}","templated":true}]}}