{"id":19791,"date":"2026-01-23T09:00:00","date_gmt":"2026-01-23T14:00:00","guid":{"rendered":"https:\/\/www.albilegeant.com\/articles\/?p=19791"},"modified":"2026-01-15T15:29:35","modified_gmt":"2026-01-15T20:29:35","slug":"kia-se-lance-dans-les-versions-gt","status":"publish","type":"post","link":"https:\/\/www.albilegeant.com\/articles\/blogue\/kia-se-lance-dans-les-versions-gt\/","title":{"rendered":"Kia se lance dans les versions GT"},"content":{"rendered":"\n<p>Au Brussels Motor Show 2026, Kia a marqu\u00e9 l\u2019\u00e9v\u00e9nement en d\u00e9voilant trois nouvelles d\u00e9clinaisons GT de ses mod\u00e8les \u00e9lectriques, EV3 GT, EV4 GT et EV5 GT, ce qui d\u00e9montre l\u2019ambition de la marque d\u2019allier performance, design et confort m\u00eame dans l\u2019\u00e8re de l\u2019\u00e9lectrification. Cette pr\u00e9sentation \u00e9largit l\u2019offre GT de Kia au-del\u00e0 des mod\u00e8les d\u00e9j\u00e0 \u00e9tablis, comme l\u2019<a href=\"https:\/\/rpmweb.ca\/actualites-et-chroniques\/actualites\/nouveaux-modeles\/kia-devoile-le-ev9-gt-un-vus-intermediaire-electrique-a-3-rangees-explosif\" target=\"_blank\" rel=\"noreferrer noopener\" aria-label=\"EV9 GT (s\u2019ouvre dans un nouvel onglet)\">EV9 GT<\/a>, pour toucher un public plus large \u00e0 la recherche d\u2019une exp\u00e9rience \u00e9lectrique dynamique et engageante.<\/p>\n\n\n\n<p>La philosophie derri\u00e8re ces GT est claire : proposer des\nv\u00e9hicules \u00e9lectriques qui ne se contentent pas d\u2019\u00eatre efficaces et pratiques,\nmais qui offrent aussi une conduite stimulante, avec une r\u00e9ponse moteur\nimm\u00e9diate, des ch\u00e2ssis optimis\u00e9s et des syst\u00e8mes \u00e9lectroniques d\u00e9di\u00e9s. Kia\nint\u00e8gre un \u00e9cosyst\u00e8me complet de technologies GT, comprenant des modes de\nconduite exclusifs, des r\u00e9glages de suspension pilot\u00e9s \u00e9lectroniquement, des\ninterfaces personnalis\u00e9es et une sonorit\u00e9 harmonis\u00e9e \u00e0 l\u2019acc\u00e9l\u00e9ration et au freinage.<\/p>\n\n\n\n<h3 class=\"wp-block-heading\">EV3 GT <\/h3>\n\n\n\n<p>Le Kia EV3 GT transpose l\u2019esprit GT dans le segment des SUV\ncompacts \u00e9lectriques. Construit sur la plateforme E-GMP 400 V, il adopte une\ntransmission int\u00e9grale \u00e0 deux moteurs totalisant 215 kW (292 ch), aliment\u00e9s par\nune batterie de 81,4 kWh. Ce syst\u00e8me procure une motricit\u00e9 et une stabilit\u00e9\naccrues, renforc\u00e9es par une suspension \u00e0 calibration GT et des jantes de 20\npouces avec pneus haute performance. L\u2019habitacle re\u00e7oit des si\u00e8ges semi-baquets\ninspir\u00e9s de l\u2019EV9 GT, un \u00e9clairage ambiant en phase avec les modes de conduite\net un style int\u00e9rieur distinctif, soulignant l\u2019orientation sportive du mod\u00e8le.<\/p>\n\n\n\n<h3 class=\"wp-block-heading\">EV4 GT : sportivit\u00e9 \u00e0 hayon<\/h3>\n\n\n\n<p>Le EV4 GT adopte une approche similaire dans un format\nhatchback, conservant la m\u00eame architecture moteur et batterie que l\u2019EV3 GT.\nGr\u00e2ce \u00e0 sa silhouette plus basse et plus dynamique, il promet une maniabilit\u00e9\nencore plus incisive. L\u2019int\u00e9rieur met l\u2019accent sur les \u00e9l\u00e9ments GT, avec un\nvolant sport \u00e0 trois branches, des accents visuels audacieux et une interface\nnum\u00e9rique d\u00e9di\u00e9e aux performances, renfor\u00e7ant l\u2019exp\u00e9rience de conduite centr\u00e9e\nsur l\u2019\u00e9motion et la pr\u00e9cision.<\/p>\n\n\n\n<h3 class=\"wp-block-heading\">EV5 GT : performance SUV polyvalente<\/h3>\n\n\n\n<p>Le EV5 GT \u00e9tend la philosophie GT au segment SUV compact\nfamilial. Avec un ensemble moteur de 225 kW (306 ch) et la m\u00eame batterie de\n81,4 kWh, il combine polyvalence quotidienne et caract\u00e8re sportif. Kia y ajoute\nune suspension \u00e0 contr\u00f4le \u00e9lectronique avec syst\u00e8me de pr\u00e9visualisation de la\nroute, des si\u00e8ges sport et des \u00e9l\u00e9ments stylistiques propres \u00e0 la gamme GT. Ce\nmod\u00e8le se positionne comme une option attrayante pour ceux qui souhaitent un\nSUV \u00e9lectrique performant sans compromettre le confort ou l\u2019usage quotidien.<\/p>\n\n\n\n<p>La production de ces trois mod\u00e8les d\u00e9butera au second\ntrimestre 2026, avec des indications que l\u2019EV5 GT arrivera en premier sur le\nmarch\u00e9 canadien. Les d\u00e9tails de tarification seront d\u00e9voil\u00e9s plus pr\u00e8s de leur\nlancement.<\/p>\n\n\n\n<p>Pour les clients d\u2019<a href=\"https:\/\/www.albilegeant.com\/fr\/\" target=\"_blank\" rel=\"noreferrer noopener\" aria-label=\"ALBI le G\u00e9ant (s\u2019ouvre dans un nouvel onglet)\">ALBI le G\u00e9ant<\/a>, ces nouveaut\u00e9s GT repr\u00e9sentent une nouvelle \u00e9tape dans l\u2019\u00e9lectrification performante. Elles d\u00e9montrent qu\u2019un v\u00e9hicule \u00e9lectrique peut allier agr\u00e9ment de conduite, design affirm\u00e9 et utilisation quotidienne pratique, red\u00e9finissant les attentes envers les voitures \u00e9lectriques sportives de demain.<\/p>\n","protected":false},"excerpt":{"rendered":"<p>Au Brussels Motor Show 2026, Kia a marqu\u00e9 l\u2019\u00e9v\u00e9nement en d\u00e9voilant trois nouvelles d\u00e9clinaisons GT de ses mod\u00e8les \u00e9lectriques, EV3 GT, EV4 GT et EV5 GT, ce qui d\u00e9montre l\u2019ambition de la marque d\u2019allier performance, design et confort m\u00eame dans l\u2019\u00e8re de l\u2019\u00e9lectrification. Cette pr\u00e9sentation \u00e9largit l\u2019offre GT de Kia au-del\u00e0 des mod\u00e8les d\u00e9j\u00e0 \u00e9tablis, [&hellip;]<\/p>\n","protected":false},"author":5,"featured_media":19792,"comment_status":"closed","ping_status":"open","sticky":false,"template":"","format":"standard","meta":{"footnotes":""},"categories":[6],"tags":[1300,51],"class_list":["post-19791","post","type-post","status-publish","format-standard","has-post-thumbnail","hentry","category-blogue","tag-gt","tag-kia"],"_links":{"self":[{"href":"https:\/\/www.albilegeant.com\/articles\/wp-json\/wp\/v2\/posts\/19791","targetHints":{"allow":["GET"]}}],"collection":[{"href":"https:\/\/www.albilegeant.com\/articles\/wp-json\/wp\/v2\/posts"}],"about":[{"href":"https:\/\/www.albilegeant.com\/articles\/wp-json\/wp\/v2\/types\/post"}],"author":[{"embeddable":true,"href":"https:\/\/www.albilegeant.com\/articles\/wp-json\/wp\/v2\/users\/5"}],"replies":[{"embeddable":true,"href":"https:\/\/www.albilegeant.com\/articles\/wp-json\/wp\/v2\/comments?post=19791"}],"version-history":[{"count":1,"href":"https:\/\/www.albilegeant.com\/articles\/wp-json\/wp\/v2\/posts\/19791\/revisions"}],"predecessor-version":[{"id":19793,"href":"https:\/\/www.albilegeant.com\/articles\/wp-json\/wp\/v2\/posts\/19791\/revisions\/19793"}],"wp:featuredmedia":[{"embeddable":true,"href":"https:\/\/www.albilegeant.com\/articles\/wp-json\/wp\/v2\/media\/19792"}],"wp:attachment":[{"href":"https:\/\/www.albilegeant.com\/articles\/wp-json\/wp\/v2\/media?parent=19791"}],"wp:term":[{"taxonomy":"category","embeddable":true,"href":"https:\/\/www.albilegeant.com\/articles\/wp-json\/wp\/v2\/categories?post=19791"},{"taxonomy":"post_tag","embeddable":true,"href":"https:\/\/www.albilegeant.com\/articles\/wp-json\/wp\/v2\/tags?post=19791"}],"curies":[{"name":"wp","href":"https:\/\/api.w.org\/{rel}","templated":true}]}}