{"id":19797,"date":"2026-01-27T09:00:00","date_gmt":"2026-01-27T14:00:00","guid":{"rendered":"https:\/\/www.albilegeant.com\/articles\/?p=19797"},"modified":"2026-01-19T09:42:14","modified_gmt":"2026-01-19T14:42:14","slug":"kia-ev5-et-pv5-ou-lelectrification-au-service-de-votre-style-de-vie","status":"publish","type":"post","link":"https:\/\/www.albilegeant.com\/articles\/blogue\/kia-ev5-et-pv5-ou-lelectrification-au-service-de-votre-style-de-vie\/","title":{"rendered":"Kia EV5 et PV5 ou l\u2019\u00e9lectrification au service de votre style de vie"},"content":{"rendered":"\n<p>Au Salon de l\u2019auto de Montr\u00e9al 2026, Kia a doubl\u00e9 la mise sur l\u2019\u00e9lectrification avec deux nouveaut\u00e9s qui r\u00e9inventent la mobilit\u00e9 d\u2019aujourd\u2019hui : le <a href=\"https:\/\/www.albilegeant.com\/articles\/blogue\/kia-ev5-voici-ce-que-lon-sait\/?gad_source=1&amp;gad_campaignid=22785286067&amp;gbraid=0AAAAADlZ7ku8RbOlAHGh1AHsvu8jsFhnd&amp;gclid=EAIaIQobChMIi_CL_OmXkgMV4wStBh2A8h6QEAAYASAAEgJ-hfD_BwE\" target=\"_blank\" rel=\"noreferrer noopener\" aria-label=\"VUS compact EV5 (s\u2019ouvre dans un nouvel onglet)\">VUS compact EV5<\/a> et le v\u00e9hicule utilitaire modulaire PV5. Deux mod\u00e8les, deux personnalit\u00e9s, mais une m\u00eame philosophie : simplifier la vie moderne en rendant l\u2019\u00e9lectrique \u00e0 la fois pratique, \u00e9l\u00e9gante et inspirante.<\/p>\n\n\n\n<h3 class=\"wp-block-heading\">EV5 : le VUS \u00e9lectrique familial au style affirm\u00e9<\/h3>\n\n\n\n<p>Le Kia EV5 incarne la nouvelle g\u00e9n\u00e9ration de VUS \u00e9lectriques\nfamiliaux. Son design angulaire s\u2019inspire du grand EV9, avec des lignes\nfranches et une approche visuelle tr\u00e8s urbaine. Ce v\u00e9hicule s\u2019adresse \u00e0 ceux\nqui veulent allier conscience \u00e9cologique et sens du style. L\u2019int\u00e9rieur, \u00e9pur\u00e9\net lumineux, m\u00e9lange technologie et confort avec des mat\u00e9riaux durables et un\ntableau de bord enti\u00e8rement num\u00e9rique. Gr\u00e2ce \u00e0 une autonomie solide et \u00e0 la\nrecharge rapide, le EV5 promet autant de libert\u00e9 pour les trajets quotidiens\nque pour les escapades de fin de semaine.<\/p>\n\n\n\n<h3 class=\"wp-block-heading\">PV5 : la modularit\u00e9 \u00e9lectrique sans limites<\/h3>\n\n\n\n<p>Mais Kia ne s\u2019arr\u00eate pas l\u00e0. Le PV5, de son c\u00f4t\u00e9, repousse\nles limites du v\u00e9hicule utilitaire \u00e9lectrique. Construit sur la m\u00eame base\ntechnologique que les mod\u00e8les EV, il se distingue par sa polyvalence\nremarquable. Kia le d\u00e9crit comme un v\u00e9hicule \u00ab \u00e0 la crois\u00e9e du travail et des\nloisirs \u00bb, parfait pour les entrepreneurs, les cr\u00e9ateurs ou les familles qui\nont besoin d\u2019un espace modulable. Modules de chargement, version passager,\nam\u00e9nagements commerciaux ou m\u00eame camping-car : le PV5 ouvre la porte \u00e0 une\ninfinit\u00e9 de possibilit\u00e9s.<\/p>\n\n\n\n<h3 class=\"wp-block-heading\">Deux mod\u00e8les, une m\u00eame vision durable et inspirante<\/h3>\n\n\n\n<p>Ce duo \u00e9lectrisant met en lumi\u00e8re la transition audacieuse\nde Kia vers un futur plus durable, sans renoncer au plaisir et au design. Leur\npr\u00e9sence au Salon de Montr\u00e9al a clairement d\u00e9montr\u00e9 que les v\u00e9hicules\n\u00e9lectriques ne se r\u00e9sument plus \u00e0 une simple tendance, mais bien \u00e0 un art de\nvivre, branch\u00e9, intelligent et tourn\u00e9 vers l\u2019avenir.<\/p>\n\n\n\n<p>Que vous soyez du type EV5, toujours en mouvement entre la ville et les escapades, ou PV5, libre et cr\u00e9atif dans vos projets et passions, venez voir ces nouveaut\u00e9s chez <a href=\"https:\/\/www.albilegeant.com\/fr\/\" target=\"_blank\" rel=\"noreferrer noopener\" aria-label=\"ALBI le G\u00e9ant (s\u2019ouvre dans un nouvel onglet)\">ALBI le G\u00e9ant<\/a>.<\/p>\n","protected":false},"excerpt":{"rendered":"<p>Au Salon de l\u2019auto de Montr\u00e9al 2026, Kia a doubl\u00e9 la mise sur l\u2019\u00e9lectrification avec deux nouveaut\u00e9s qui r\u00e9inventent la mobilit\u00e9 d\u2019aujourd\u2019hui : le VUS compact EV5 et le v\u00e9hicule utilitaire modulaire PV5. Deux mod\u00e8les, deux personnalit\u00e9s, mais une m\u00eame philosophie : simplifier la vie moderne en rendant l\u2019\u00e9lectrique \u00e0 la fois pratique, \u00e9l\u00e9gante et [&hellip;]<\/p>\n","protected":false},"author":5,"featured_media":19798,"comment_status":"closed","ping_status":"open","sticky":false,"template":"","format":"standard","meta":{"footnotes":""},"categories":[6],"tags":[1279,1216],"class_list":["post-19797","post","type-post","status-publish","format-standard","has-post-thumbnail","hentry","category-blogue","tag-ev5","tag-pv5"],"_links":{"self":[{"href":"https:\/\/www.albilegeant.com\/articles\/wp-json\/wp\/v2\/posts\/19797","targetHints":{"allow":["GET"]}}],"collection":[{"href":"https:\/\/www.albilegeant.com\/articles\/wp-json\/wp\/v2\/posts"}],"about":[{"href":"https:\/\/www.albilegeant.com\/articles\/wp-json\/wp\/v2\/types\/post"}],"author":[{"embeddable":true,"href":"https:\/\/www.albilegeant.com\/articles\/wp-json\/wp\/v2\/users\/5"}],"replies":[{"embeddable":true,"href":"https:\/\/www.albilegeant.com\/articles\/wp-json\/wp\/v2\/comments?post=19797"}],"version-history":[{"count":2,"href":"https:\/\/www.albilegeant.com\/articles\/wp-json\/wp\/v2\/posts\/19797\/revisions"}],"predecessor-version":[{"id":19800,"href":"https:\/\/www.albilegeant.com\/articles\/wp-json\/wp\/v2\/posts\/19797\/revisions\/19800"}],"wp:featuredmedia":[{"embeddable":true,"href":"https:\/\/www.albilegeant.com\/articles\/wp-json\/wp\/v2\/media\/19798"}],"wp:attachment":[{"href":"https:\/\/www.albilegeant.com\/articles\/wp-json\/wp\/v2\/media?parent=19797"}],"wp:term":[{"taxonomy":"category","embeddable":true,"href":"https:\/\/www.albilegeant.com\/articles\/wp-json\/wp\/v2\/categories?post=19797"},{"taxonomy":"post_tag","embeddable":true,"href":"https:\/\/www.albilegeant.com\/articles\/wp-json\/wp\/v2\/tags?post=19797"}],"curies":[{"name":"wp","href":"https:\/\/api.w.org\/{rel}","templated":true}]}}