{"id":19801,"date":"2026-01-29T09:00:00","date_gmt":"2026-01-29T14:00:00","guid":{"rendered":"https:\/\/www.albilegeant.com\/articles\/?p=19801"},"modified":"2026-01-19T12:04:48","modified_gmt":"2026-01-19T17:04:48","slug":"hyundai-crater-vision-audacieuse-de-laventure-electrique","status":"publish","type":"post","link":"https:\/\/www.albilegeant.com\/articles\/blogue\/hyundai-crater-vision-audacieuse-de-laventure-electrique\/","title":{"rendered":"Hyundai Crater, vision audacieuse de l\u2019aventure \u00e9lectrique"},"content":{"rendered":"\n<p>Au Salon de l\u2019auto de Montr\u00e9al 2026, Hyundai a attir\u00e9 l\u2019attention avec un v\u00e9hicule concept particuli\u00e8rement captivant : le <a href=\"https:\/\/www.guideautoweb.com\/articles\/80883\/hyundai-apporte-son-concept-crater-a-montreal\/\" target=\"_blank\" rel=\"noreferrer noopener\" aria-label=\"Crater Concept (s\u2019ouvre dans un nouvel onglet)\">Crater Concept<\/a>, un VUS enti\u00e8rement \u00e9lectrique \u00e0 vocation hors route. Ce prototype constitue une d\u00e9monstration claire de la direction que le constructeur sud-cor\u00e9en envisage pour ses futurs v\u00e9hicules orient\u00e9s aventure et robustesse, notamment dans un march\u00e9 nord-am\u00e9ricain exigeant et concurrentiel. <\/p>\n\n\n\n<h3 class=\"wp-block-heading\">Un concept \u00e9lectrique pr\u00eat \u00e0 rivaliser avec les l\u00e9gendes du\nhors route<\/h3>\n\n\n\n<p>Contrairement \u00e0 un mod\u00e8le de s\u00e9rie, le Crater est avant tout\nune \u00e9tude de style et de technologie. Il sugg\u00e8re l\u2019apparence potentielle de\nfuturs utilitaires \u00e9lectriques capables de rivaliser avec des ic\u00f4nes comme le\nFord Bronco, le Jeep Wrangler ou le Toyota 4Runner, mais dans une configuration\nenti\u00e8rement \u00e9lectrifi\u00e9e. Esth\u00e9tiquement, le v\u00e9hicule adopte une silhouette\nmuscl\u00e9e, une garde au sol \u00e9lev\u00e9e d\u2019environ 300 mm et des angles d\u2019approche et\nde sortie g\u00e9n\u00e9reux, renfor\u00e7ant son allure \u00ab exp\u00e9dition \u00bb. <\/p>\n\n\n\n<h3 class=\"wp-block-heading\">Un design ext\u00e9rieur pens\u00e9 pour l\u2019exploration extr\u00eame<\/h3>\n\n\n\n<p>Le design ext\u00e9rieur pr\u00e9sente des caract\u00e9ristiques fortes :\ndes jantes de 18 pouces chaussant des pneus de 33 pouces, des protections de\ncarrosserie en plastique robuste, des crochets d\u2019arrimage int\u00e9gr\u00e9s \u00e0 l\u2019avant et\n\u00e0 l\u2019arri\u00e8re, et des c\u00e2bles tendus du capot au toit con\u00e7us pour prot\u00e9ger le\npare-brise contre les branches des sentiers. Une galerie de toit costaude\naccueille plusieurs projecteurs qui peuvent ex\u00e9cuter des motifs lumineux,\naffirmant le caract\u00e8re d\u2019exploration du concept. <\/p>\n\n\n\n<h3 class=\"wp-block-heading\">Un habitacle modulable con\u00e7u pour l\u2019aventure<\/h3>\n\n\n\n<p>L\u2019int\u00e9rieur du Crater ne ressemble gu\u00e8re \u00e0 celui d\u2019un\nv\u00e9hicule de s\u00e9rie traditionnel. Hyundai a opt\u00e9 pour une configuration modulable\net fonctionnelle plut\u00f4t que pour un grand \u00e9cran central fixe : l\u2019approche dite\n\u00ab Bring Your Own Device \u00bb permet aux occupants d\u2019utiliser leurs propres\nappareils pour les fonctions multim\u00e9dias ou de navigation. En compl\u00e9ment, le\ntableau de bord int\u00e8gre des \u00e9l\u00e9ments pratiques comme un extincteur, une trousse\nde premiers soins et un s\u00e9lecteur de modes de conduite (Neige, Sable, Boue,\nXRT), soulignant l\u2019intention d\u2019en faire un compagnon fiable pour les aventures\nde plein air. <\/p>\n\n\n\n<h3 class=\"wp-block-heading\">Le Crater, une fen\u00eatre sur les futurs VUS \u00e9lectriques de\nHyundai<\/h3>\n\n\n\n<p>M\u00eame si Hyundai n\u2019a pas annonc\u00e9 de plan pr\u00e9cis pour une\nproduction en s\u00e9rie du Crater, ce concept offre un aper\u00e7u engageant des\norientations stylistiques et technologiques potentielles pour les futurs VUS\n\u00e9lectriques de la marque. Il illustre aussi la volont\u00e9 de Hyundai de repousser\nles limites traditionnelles de l\u2019\u00e9lectrification en explorant des segments plus\nextr\u00eames, comme le hors route \u00e9lectrique, un domaine jusqu\u2019ici domin\u00e9 par des\nmod\u00e8les thermiques. <\/p>\n\n\n\n<p>Pour les passionn\u00e9s d\u2019automobile et les amateurs de technologie, le Crater repr\u00e9sente plus qu\u2019un simple concept : c\u2019est une invitation \u00e0 imaginer comment les v\u00e9hicules \u00e9lectriques pourront prolonger la libert\u00e9 et l\u2019aventure, au-del\u00e0 des routes pav\u00e9es, dans un avenir pas si lointain. Mais ne retenez pas votre souffle\u00a0: il n\u2019arrivera pas chez <a href=\"https:\/\/www.albilegeant.com\/fr\/\" target=\"_blank\" rel=\"noreferrer noopener\" aria-label=\"ALBI le G\u00e9ant (s\u2019ouvre dans un nouvel onglet)\">ALBI le G\u00e9ant<\/a> de sit\u00f4t.<\/p>\n","protected":false},"excerpt":{"rendered":"<p>Au Salon de l\u2019auto de Montr\u00e9al 2026, Hyundai a attir\u00e9 l\u2019attention avec un v\u00e9hicule concept particuli\u00e8rement captivant : le Crater Concept, un VUS enti\u00e8rement \u00e9lectrique \u00e0 vocation hors route. Ce prototype constitue une d\u00e9monstration claire de la direction que le constructeur sud-cor\u00e9en envisage pour ses futurs v\u00e9hicules orient\u00e9s aventure et robustesse, notamment dans un march\u00e9 [&hellip;]<\/p>\n","protected":false},"author":5,"featured_media":19802,"comment_status":"closed","ping_status":"open","sticky":false,"template":"","format":"standard","meta":{"footnotes":""},"categories":[6],"tags":[],"class_list":["post-19801","post","type-post","status-publish","format-standard","has-post-thumbnail","hentry","category-blogue"],"_links":{"self":[{"href":"https:\/\/www.albilegeant.com\/articles\/wp-json\/wp\/v2\/posts\/19801","targetHints":{"allow":["GET"]}}],"collection":[{"href":"https:\/\/www.albilegeant.com\/articles\/wp-json\/wp\/v2\/posts"}],"about":[{"href":"https:\/\/www.albilegeant.com\/articles\/wp-json\/wp\/v2\/types\/post"}],"author":[{"embeddable":true,"href":"https:\/\/www.albilegeant.com\/articles\/wp-json\/wp\/v2\/users\/5"}],"replies":[{"embeddable":true,"href":"https:\/\/www.albilegeant.com\/articles\/wp-json\/wp\/v2\/comments?post=19801"}],"version-history":[{"count":1,"href":"https:\/\/www.albilegeant.com\/articles\/wp-json\/wp\/v2\/posts\/19801\/revisions"}],"predecessor-version":[{"id":19803,"href":"https:\/\/www.albilegeant.com\/articles\/wp-json\/wp\/v2\/posts\/19801\/revisions\/19803"}],"wp:featuredmedia":[{"embeddable":true,"href":"https:\/\/www.albilegeant.com\/articles\/wp-json\/wp\/v2\/media\/19802"}],"wp:attachment":[{"href":"https:\/\/www.albilegeant.com\/articles\/wp-json\/wp\/v2\/media?parent=19801"}],"wp:term":[{"taxonomy":"category","embeddable":true,"href":"https:\/\/www.albilegeant.com\/articles\/wp-json\/wp\/v2\/categories?post=19801"},{"taxonomy":"post_tag","embeddable":true,"href":"https:\/\/www.albilegeant.com\/articles\/wp-json\/wp\/v2\/tags?post=19801"}],"curies":[{"name":"wp","href":"https:\/\/api.w.org\/{rel}","templated":true}]}}