{"id":19898,"date":"2026-03-10T09:00:00","date_gmt":"2026-03-10T13:00:00","guid":{"rendered":"https:\/\/www.albilegeant.com\/articles\/?p=19898"},"modified":"2026-03-05T13:53:47","modified_gmt":"2026-03-05T18:53:47","slug":"la-hyundai-ioniq-6-sera-une-2027","status":"publish","type":"post","link":"https:\/\/www.albilegeant.com\/articles\/blogue\/la-hyundai-ioniq-6-sera-une-2027\/","title":{"rendered":"La Hyundai Ioniq 6 sera une 2027"},"content":{"rendered":"\n<p>Vous avez peut-\u00eatre vu dans l\u2019actualit\u00e9 que la Hyundai Ioniq\n6 disparaissait du catalogue pour 2026. C\u2019est vrai\u2026 mais pas totalement.<\/p>\n\n\n\n<p>En effet, le v\u00e9hicule dispara\u00eetra dans sa forme actuelle aux \u00c9tats-Unis. Au Canada, la situation est toutefois plus nuanc\u00e9e.<\/p>\n\n\n\n<h3 class=\"wp-block-heading\">Une Ioniq 6 redessin\u00e9e confirm\u00e9e pour 2027<\/h3>\n\n\n\n<p>Comme l\u2019indique Hyundai Canada :<br \/>\u00ab Nous sommes heureux de confirmer que l\u2019<a href=\"https:\/\/rpmweb.ca\/actualites-et-chroniques\/actualites\/nouvelles\/la-hyundai-ioniq-6-reguliere-quitte-les-etats-unis-mais-restera-au-canada\" target=\"_blank\" rel=\"noreferrer noopener\" aria-label=\"IONIQ 6 (s\u2019ouvre dans un nouvel onglet)\">IONIQ 6<\/a> redessin\u00e9e sera offerte au Canada pour l\u2019ann\u00e9e-mod\u00e8le 2027. Cette approche refl\u00e8te l\u2019engagement de Hyundai \u00e0 faire progresser la mobilit\u00e9 \u00e9lectrique. Elle permet aussi de se d\u00e9marquer avec la gamme de v\u00e9hicules \u00e9lectriques la plus prim\u00e9e au Canada. Nous partagerons davantage de d\u00e9tails \u00e0 l\u2019approche de la mise en march\u00e9. \u00bb<\/p>\n\n\n\n<h3 class=\"wp-block-heading\">La spectaculaire Ioniq 6 N : performance et puissance<\/h3>\n\n\n\n<p>Par ailleurs, la Ioniq 6 arrivera avec plusieurs nouveaut\u00e9s.\nParmi elles, on retrouve la version Ioniq 6 N, beaucoup plus performante.<\/p>\n\n\n\n<p>Cette variante proposera des caract\u00e9ristiques\nimpressionnantes. Pour maximiser les performances, elle offrira 641 chevaux\ngr\u00e2ce au syst\u00e8me N Grin Boost.<\/p>\n\n\n\n<p>La voiture recevra aussi une batterie de 84 kWh. De plus,\nelle permettra une recharge 400V-800V. Celle-ci pourra passer de 10 % \u00e0 80 % en\nseulement 18 minutes.<\/p>\n\n\n\n<p>Enfin, la suspension sera fortement r\u00e9vis\u00e9e. Des roues de 20\npouces seront \u00e9galement au programme.<\/p>\n\n\n\n<p>Cela dit, la Ioniq 6 standard demeurera disponible. Son\narriv\u00e9e est toujours pr\u00e9vue plus tard cette ann\u00e9e. Elle recevra aussi plusieurs\nmises \u00e0 jour esth\u00e9tiques et m\u00e9caniques.<\/p>\n\n\n\n<h3 class=\"wp-block-heading\">Design, autonomie et recharge : les am\u00e9liorations attendues<\/h3>\n\n\n\n<p>D\u2019ailleurs, le d\u00e9voilement de la Ioniq N au Salon de l\u2019auto\nde S\u00e9oul donne d\u00e9j\u00e0 quelques indices. Ce rafra\u00eechissement devrait inclure des\nmodifications \u00e0 l\u2019avant et \u00e0 l\u2019arri\u00e8re.<\/p>\n\n\n\n<p>L\u2019habitacle devrait aussi \u00e9voluer. Hyundai miserait sur un\nint\u00e9rieur plus ergonomique et plus moderne.<\/p>\n\n\n\n<p>De plus, les donn\u00e9es techniques canadiennes n\u2019ont pas encore\n\u00e9t\u00e9 confirm\u00e9es. On s\u2019attend toutefois \u00e0 une autonomie comparable \u00e0 celle\nd\u2019aujourd\u2019hui. Elle pourrait donc demeurer autour de 583 kilom\u00e8tres.<\/p>\n\n\n\n<p>Enfin, une prise de recharge NACS pourrait \u00eatre ajout\u00e9e.\nCette norme \u00e9quipe d\u00e9j\u00e0 plusieurs nouveaux v\u00e9hicules Hyundai.<\/p>\n\n\n\n<p>La nouvelle Ioniq 6 2027 arrivera donc bient\u00f4t en salle de montre chez <a href=\"https:\/\/www.albilegeant.com\/fr\/\" target=\"_blank\" rel=\"noreferrer noopener\" aria-label=\"ALBI le G\u00e9ant (s\u2019ouvre dans un nouvel onglet)\">ALBI le G\u00e9ant<\/a>.<\/p>\n","protected":false},"excerpt":{"rendered":"<p>Vous avez peut-\u00eatre vu dans l\u2019actualit\u00e9 que la Hyundai Ioniq 6 disparaissait du catalogue pour 2026. C\u2019est vrai\u2026 mais pas totalement. En effet, le v\u00e9hicule dispara\u00eetra dans sa forme actuelle aux \u00c9tats-Unis. Au Canada, la situation est toutefois plus nuanc\u00e9e. Une Ioniq 6 redessin\u00e9e confirm\u00e9e pour 2027 Comme l\u2019indique Hyundai Canada :\u00ab Nous sommes heureux [&hellip;]<\/p>\n","protected":false},"author":5,"featured_media":19899,"comment_status":"closed","ping_status":"open","sticky":false,"template":"","format":"standard","meta":{"footnotes":""},"categories":[6],"tags":[],"class_list":["post-19898","post","type-post","status-publish","format-standard","has-post-thumbnail","hentry","category-blogue"],"_links":{"self":[{"href":"https:\/\/www.albilegeant.com\/articles\/wp-json\/wp\/v2\/posts\/19898","targetHints":{"allow":["GET"]}}],"collection":[{"href":"https:\/\/www.albilegeant.com\/articles\/wp-json\/wp\/v2\/posts"}],"about":[{"href":"https:\/\/www.albilegeant.com\/articles\/wp-json\/wp\/v2\/types\/post"}],"author":[{"embeddable":true,"href":"https:\/\/www.albilegeant.com\/articles\/wp-json\/wp\/v2\/users\/5"}],"replies":[{"embeddable":true,"href":"https:\/\/www.albilegeant.com\/articles\/wp-json\/wp\/v2\/comments?post=19898"}],"version-history":[{"count":1,"href":"https:\/\/www.albilegeant.com\/articles\/wp-json\/wp\/v2\/posts\/19898\/revisions"}],"predecessor-version":[{"id":19900,"href":"https:\/\/www.albilegeant.com\/articles\/wp-json\/wp\/v2\/posts\/19898\/revisions\/19900"}],"wp:featuredmedia":[{"embeddable":true,"href":"https:\/\/www.albilegeant.com\/articles\/wp-json\/wp\/v2\/media\/19899"}],"wp:attachment":[{"href":"https:\/\/www.albilegeant.com\/articles\/wp-json\/wp\/v2\/media?parent=19898"}],"wp:term":[{"taxonomy":"category","embeddable":true,"href":"https:\/\/www.albilegeant.com\/articles\/wp-json\/wp\/v2\/categories?post=19898"},{"taxonomy":"post_tag","embeddable":true,"href":"https:\/\/www.albilegeant.com\/articles\/wp-json\/wp\/v2\/tags?post=19898"}],"curies":[{"name":"wp","href":"https:\/\/api.w.org\/{rel}","templated":true}]}}