{"id":2223,"date":"2015-07-23T09:15:50","date_gmt":"2015-07-23T13:15:50","guid":{"rendered":"http:\/\/www.albilegeant.com\/articles\/?p=2223"},"modified":"2015-07-20T11:27:45","modified_gmt":"2015-07-20T15:27:45","slug":"ces-voitures-largent-acheter","status":"publish","type":"post","link":"https:\/\/www.albilegeant.com\/articles\/blogue\/ces-voitures-largent-acheter\/","title":{"rendered":"Ces voitures que l&rsquo;argent ne peut acheter&#8230;"},"content":{"rendered":"<p>Les visiteurs des salons automobiles \u00e0 travers le monde se retrouvent nez \u00e0 nez avec des voitures de r\u00eaves. Certaines voitures sont des r\u00eaves tangibles, du moins pour certains portefeuilles tout garnis extra-toute. Mais la majorit\u00e9 de ces voitures resteront, pour la plupart d&rsquo;entre nous, des r\u00eaves \u00e0 jamais inatteignables.<\/p>\n<p>Regard sur les<strong> voitures concept les plus excitantes<\/strong> propos\u00e9es dans les salons automobiles du monde en 2014. <!--more-->Les voitures concepts sont <strong>ces prototypes repr\u00e9sentant les avanc\u00e9es des constructeurs automobiles<\/strong>, et qui rendent heureux une panoplie d&rsquo;amateurs! Des amateurs de voitures aux amateurs de science-fiction en passant par les amateurs de la cause environnementale ou du d\u00e9veloppement technologique, tous sont intrigu\u00e9s, voire fascin\u00e9s par ces voitures qui r\u00eavent \u00e9veiller un futur que nous pourrions croire tangible.<\/p>\n<h2>7 voitures que l&rsquo;argent ne peut acheter<\/h2>\n<p><a href=\"http:\/\/www.albilegeant.com\/articles\/wp-content\/uploads\/2014\/11\/Hyundai_Intrado.jpg\"><img loading=\"lazy\" decoding=\"async\" class=\"alignnone  wp-image-2264\" src=\"http:\/\/www.albilegeant.com\/articles\/wp-content\/uploads\/2014\/11\/Hyundai_Intrado-1024x624.jpg\" alt=\"Hyundai_Intrado\" width=\"545\" height=\"330\" \/><\/a><\/p>\n<p>Ce <strong>Hyundai Intrado 2017<\/strong> promet une red\u00e9finition du v\u00e9hicule utilitaire sport dans un avenir rapproch\u00e9.<\/p>\n<p>&nbsp;<\/p>\n<div id=\"attachment_2233\" style=\"width: 541px\" class=\"wp-caption alignnone\"><a href=\"http:\/\/www.albilegeant.com\/articles\/wp-content\/uploads\/2014\/11\/Kia-Urban-Concept.jpg\"><img loading=\"lazy\" decoding=\"async\" aria-describedby=\"caption-attachment-2233\" class=\"wp-image-2233 \" src=\"http:\/\/www.albilegeant.com\/articles\/wp-content\/uploads\/2014\/11\/Kia-Urban-Concept.jpg\" alt=\"Kia Urban Concept\" width=\"531\" height=\"275\" \/><\/a><p id=\"caption-attachment-2233\" class=\"wp-caption-text\">Kia Urban concept<\/p><\/div>\n<p>Pr\u00e9sent\u00e9 durantle Salon de l&rsquo;auto de Gen\u00e8ve en 2013, cette <strong>voiture concept de Kia<\/strong> a \u00e9t\u00e9 imagin\u00e9 pour s&rsquo;adapter aux r\u00e9alit\u00e9s urbaines d&rsquo;aujourd&rsquo;hui et de demain.<\/p>\n<p>&nbsp;<\/p>\n<div id=\"attachment_2235\" style=\"width: 527px\" class=\"wp-caption alignnone\"><a href=\"http:\/\/www.albilegeant.com\/articles\/wp-content\/uploads\/2014\/11\/Infiniti_Emerg-e_Concept.jpg\"><img loading=\"lazy\" decoding=\"async\" aria-describedby=\"caption-attachment-2235\" class=\"wp-image-2235 \" src=\"http:\/\/www.albilegeant.com\/articles\/wp-content\/uploads\/2014\/11\/Infiniti_Emerg-e_Concept-1024x634.jpg\" alt=\"Infiniti Emerg-e Concept\" width=\"517\" height=\"314\" \/><\/a><p id=\"caption-attachment-2235\" class=\"wp-caption-text\">Infiniti EMERG-E concept<\/p><\/div>\n<p>Au premier regard, avez-vous pens\u00e9 que cette voiture \u00e9tait une voiture enti\u00e8rement \u00e9lectrique? <strong>Infiniti<\/strong> a d\u00e9voil\u00e9 ce concept en 2012 et a depuis <strong>remport\u00e9 des prix<\/strong> r\u00e9compensant son audace et son souci d&rsquo;un futur moins pollu\u00e9.<\/p>\n<p>&nbsp;<\/p>\n<div id=\"attachment_2239\" style=\"width: 530px\" class=\"wp-caption alignnone\"><a href=\"http:\/\/www.albilegeant.com\/articles\/wp-content\/uploads\/2014\/11\/mazda-ryuga-concept-.jpg\"><img loading=\"lazy\" decoding=\"async\" aria-describedby=\"caption-attachment-2239\" class=\"wp-image-2239 size-full\" src=\"http:\/\/www.albilegeant.com\/articles\/wp-content\/uploads\/2014\/11\/mazda-ryuga-concept-.jpg\" alt=\"Mazda Ryuga concept\" width=\"520\" height=\"318\" srcset=\"https:\/\/www.albilegeant.com\/articles\/wp-content\/uploads\/2014\/11\/mazda-ryuga-concept-.jpg 520w, https:\/\/www.albilegeant.com\/articles\/wp-content\/uploads\/2014\/11\/mazda-ryuga-concept--300x183.jpg 300w\" sizes=\"auto, (max-width: 520px) 100vw, 520px\" \/><\/a><p id=\"caption-attachment-2239\" class=\"wp-caption-text\">Mazda Ryuga concept<\/p><\/div>\n<p><strong>Mazda<\/strong>, en collaboration avec Ford Motor Compagny, a pr\u00e9sent\u00e9 cette voiture lors du salon de l&rsquo;auto de Detroit 2007. Le <strong>mod\u00e8le Ryuga<\/strong> explore le design futur des voitures passagers Mazda.<\/p>\n<p>&nbsp;<\/p>\n<div id=\"attachment_2241\" style=\"width: 537px\" class=\"wp-caption alignnone\"><a href=\"http:\/\/www.albilegeant.com\/articles\/wp-content\/uploads\/2014\/11\/ford-edge-concept-front-three-quarters-view.jpg\"><img loading=\"lazy\" decoding=\"async\" aria-describedby=\"caption-attachment-2241\" class=\"wp-image-2241 \" src=\"http:\/\/www.albilegeant.com\/articles\/wp-content\/uploads\/2014\/11\/ford-edge-concept-front-three-quarters-view-1024x680.jpg\" alt=\"Ford Edge concept \" width=\"527\" height=\"350\" srcset=\"https:\/\/www.albilegeant.com\/articles\/wp-content\/uploads\/2014\/11\/ford-edge-concept-front-three-quarters-view-1024x680.jpg 1024w, https:\/\/www.albilegeant.com\/articles\/wp-content\/uploads\/2014\/11\/ford-edge-concept-front-three-quarters-view-300x199.jpg 300w, https:\/\/www.albilegeant.com\/articles\/wp-content\/uploads\/2014\/11\/ford-edge-concept-front-three-quarters-view-624x414.jpg 624w, https:\/\/www.albilegeant.com\/articles\/wp-content\/uploads\/2014\/11\/ford-edge-concept-front-three-quarters-view.jpg 2048w\" sizes=\"auto, (max-width: 527px) 100vw, 527px\" \/><\/a><p id=\"caption-attachment-2241\" class=\"wp-caption-text\">Ford Edge concept<\/p><\/div>\n<p>Ce<strong> Ford Edge concept<\/strong> est en bonne voie de devenir une r\u00e9alit\u00e9, que nous pourrons conduire dans les ann\u00e9es \u00e0 venir. Le mod\u00e8le a \u00e9t\u00e9 d\u00e9voil\u00e9 lors du <strong>Toronto Auto Show 2014<\/strong>.<em><br \/>\n<\/em><\/p>\n<p>&nbsp;<\/p>\n<div id=\"attachment_2248\" style=\"width: 526px\" class=\"wp-caption alignnone\"><a href=\"http:\/\/www.albilegeant.com\/articles\/wp-content\/uploads\/2014\/11\/Fiat-Suagna-Bertone.jpg\"><img loading=\"lazy\" decoding=\"async\" aria-describedby=\"caption-attachment-2248\" class=\"wp-image-2248\" src=\"http:\/\/www.albilegeant.com\/articles\/wp-content\/uploads\/2014\/11\/Fiat-Suagna-Bertone.jpg\" alt=\"Fiat Suagna Bertone\" width=\"516\" height=\"359\" \/><\/a><p id=\"caption-attachment-2248\" class=\"wp-caption-text\">Fiat Suagna Bertone<\/p><\/div>\n<p>L&rsquo;\u00e9l\u00e9gance un brin arrogante de cette voiture concept est l&rsquo;interpr\u00e9tation de Fiat du coup\u00e9-cabriolet en 2006. Ajoutez \u00e0 ce mod\u00e8le l&rsquo;intriguant <strong><a title=\"Sao Paolo inspire Fiat et Nissan\" href=\"http:\/\/www.albilegeant.com\/articles\/blogue\/sao-paolo-inspire-fiat-nissan\/#more-1826\" target=\"_blank\">Fiat FCC4<\/a><\/strong> pr\u00e9sent\u00e9 tout r\u00e9cemment lors du salon de l&rsquo;auto de Sao Paolo, et vous comprenez pourquoi <strong>Fiat est sur une excellente lanc\u00e9e<\/strong>!<\/p>\n<p>&nbsp;<\/p>\n<p><a href=\"http:\/\/www.albilegeant.com\/articles\/wp-content\/uploads\/2014\/11\/Nissan_IDx_Freeflow_front-right_2013_Tokyo_Motor_Show.jpg\"><img loading=\"lazy\" decoding=\"async\" class=\"alignnone  wp-image-2268\" src=\"http:\/\/www.albilegeant.com\/articles\/wp-content\/uploads\/2014\/11\/Nissan_IDx_Freeflow_front-right_2013_Tokyo_Motor_Show-1024x682.jpg\" alt=\"Nissan_IDx_Freeflow_front-right_2013_Tokyo_Motor_Show\" width=\"524\" height=\"326\" \/><\/a><\/p>\n<p>Lors du Salon de l&rsquo;auto de Tokyo de 2013, <strong>Nissan<\/strong> a pr\u00e9sent\u00e9 cet \u00e9tonnant <strong>IDx Freeflow<\/strong>, inspir\u00e9 selon les critiques du Datsun 510. Il est fort possible que des d\u00e9riv\u00e9s fort ressemblant de ce prototype arrivent bient\u00f4t sur le march\u00e9.<\/p>\n<p>\u00c0 suivre chez <a title=\"Albi le G\u00e9ant - Bienvenue chez nous !\" href=\"http:\/\/www.albilegeant.com\/\" target=\"_blank\">ALBI le G\u00e9ant<\/a>!<\/p>\n","protected":false},"excerpt":{"rendered":"<p>Les visiteurs des salons automobiles \u00e0 travers le monde se retrouvent nez \u00e0 nez avec des voitures de r\u00eaves. Certaines voitures sont des r\u00eaves tangibles, du moins pour certains portefeuilles tout garnis extra-toute. Mais la majorit\u00e9 de ces voitures resteront, pour la plupart d&rsquo;entre nous, des r\u00eaves \u00e0 jamais inatteignables. Regard sur les voitures concept [&hellip;]<\/p>\n","protected":false},"author":5,"featured_media":2270,"comment_status":"open","ping_status":"open","sticky":false,"template":"","format":"standard","meta":{"footnotes":""},"categories":[6],"tags":[504,421,56,103,17,77,8,69,505,503],"class_list":["post-2223","post","type-post","status-publish","format-standard","has-post-thumbnail","hentry","category-blogue","tag-albi-infiniti","tag-albi-kia","tag-albi-le-geant","tag-fiat","tag-ford","tag-infiniti","tag-mazda","tag-nissan","tag-voiture-concept","tag-voiture-de-luxe"],"_links":{"self":[{"href":"https:\/\/www.albilegeant.com\/articles\/wp-json\/wp\/v2\/posts\/2223","targetHints":{"allow":["GET"]}}],"collection":[{"href":"https:\/\/www.albilegeant.com\/articles\/wp-json\/wp\/v2\/posts"}],"about":[{"href":"https:\/\/www.albilegeant.com\/articles\/wp-json\/wp\/v2\/types\/post"}],"author":[{"embeddable":true,"href":"https:\/\/www.albilegeant.com\/articles\/wp-json\/wp\/v2\/users\/5"}],"replies":[{"embeddable":true,"href":"https:\/\/www.albilegeant.com\/articles\/wp-json\/wp\/v2\/comments?post=2223"}],"version-history":[{"count":11,"href":"https:\/\/www.albilegeant.com\/articles\/wp-json\/wp\/v2\/posts\/2223\/revisions"}],"predecessor-version":[{"id":5676,"href":"https:\/\/www.albilegeant.com\/articles\/wp-json\/wp\/v2\/posts\/2223\/revisions\/5676"}],"wp:featuredmedia":[{"embeddable":true,"href":"https:\/\/www.albilegeant.com\/articles\/wp-json\/wp\/v2\/media\/2270"}],"wp:attachment":[{"href":"https:\/\/www.albilegeant.com\/articles\/wp-json\/wp\/v2\/media?parent=2223"}],"wp:term":[{"taxonomy":"category","embeddable":true,"href":"https:\/\/www.albilegeant.com\/articles\/wp-json\/wp\/v2\/categories?post=2223"},{"taxonomy":"post_tag","embeddable":true,"href":"https:\/\/www.albilegeant.com\/articles\/wp-json\/wp\/v2\/tags?post=2223"}],"curies":[{"name":"wp","href":"https:\/\/api.w.org\/{rel}","templated":true}]}}