{"id":2277,"date":"2014-11-19T11:55:04","date_gmt":"2014-11-19T16:55:04","guid":{"rendered":"http:\/\/www.albilegeant.com\/articles\/?p=2277"},"modified":"2020-10-05T16:21:21","modified_gmt":"2020-10-05T20:21:21","slug":"mazda-cx-3-petit-charmant","status":"publish","type":"post","link":"https:\/\/www.albilegeant.com\/articles\/actualites\/mazda-cx-3-petit-charmant\/","title":{"rendered":"Mazda CX-3, petit mais charmant"},"content":{"rendered":"<p>Profitant du salon de Los Angeles, le constructeur japonais Mazda a d\u00e9voil\u00e9 le dernier n\u00e9 de la famille: le multisegment compact Mazda CX-3. Construit sur la plateforme de la Mazda2, il se distingue bien s\u00fbr par une taille r\u00e9duite, mais par une fonctionnalit\u00e9 et un style unique.<!--more-->Comme tous les autres membres de la famille, le petit Mazda CX-3 (dont les dimensions sont inf\u00e9rieures de quelques centim\u00e8tres au <a title=\"Mazda CX-5\" href=\"http:\/\/www.albimazda.com\/vehicules\/vehicules-neufs\/mazda-5\/\" target=\"_blank\" rel=\"noopener noreferrer\">Mazda CX-5<\/a>) offre <strong>une silhouette inspir\u00e9e du design Kodo<\/strong>, soit l&rsquo;\u00e2me en mouvement. Plus moderne, le compact v\u00e9hicule arbore la calandre devenue signature de la marque, et<strong> le capot prolong\u00e9<\/strong>, mais vient se moderniser avec des blocs optiques distinctifs.<\/p>\n<p>L&rsquo;ensemble lui donne toutefois un <strong>look plus muscl\u00e9<\/strong>, notamment gr\u00e2ce aux arches de roues plus prononc\u00e9es et \u00e0 la ligne de toit plus agressive.<\/p>\n<p><img loading=\"lazy\" decoding=\"async\" class=\"alignnone size-large wp-image-2278\" src=\"http:\/\/www.albilegeant.com\/articles\/wp-content\/uploads\/2014\/11\/2016-Mazda-CX-3-44-1024x573.jpg\" alt=\"2016-Mazda-CX-3-(44)\" width=\"625\" height=\"349\" srcset=\"https:\/\/www.albilegeant.com\/articles\/wp-content\/uploads\/2014\/11\/2016-Mazda-CX-3-44-1024x573.jpg 1024w, https:\/\/www.albilegeant.com\/articles\/wp-content\/uploads\/2014\/11\/2016-Mazda-CX-3-44-300x167.jpg 300w, https:\/\/www.albilegeant.com\/articles\/wp-content\/uploads\/2014\/11\/2016-Mazda-CX-3-44-624x349.jpg 624w\" sizes=\"auto, (max-width: 625px) 100vw, 625px\" \/><\/p>\n<p>Dans l&rsquo;habitacle, le Mazda CX-3 propose <strong>un espace suffisant pour les passagers de toute taille<\/strong>, et permet m\u00eame le chargement de quelques marchandises. Le <strong>cockpit est agr\u00e9able<\/strong>, et reprend quelques-uns des grands principes qui ont plu dans la <a title=\"Mazda 3\" href=\"https:\/\/www.albioccasion.com\/inventaire\/mazda-mazda3\/?utm_source=blog&amp;utm_medium=referral&amp;utm_campaign=Blog_ALBI\" target=\"_blank\" rel=\"noopener noreferrer\">Mazda 3<\/a>, notamment la <strong>disponibilit\u00e9<\/strong> <strong>optionnelle de l&rsquo;affichage t\u00eate haute<\/strong>. La console centrale regroupe les commandes li\u00e9es au confort, alors que toutes les indications relatives \u00e0 la conduite sont log\u00e9es directement devant le conducteur qui n&rsquo;a plus besoin de tourner la t\u00eate inutilement.<\/p>\n<p><img loading=\"lazy\" decoding=\"async\" class=\"alignnone size-large wp-image-2279\" src=\"http:\/\/www.albilegeant.com\/articles\/wp-content\/uploads\/2014\/11\/2016-Mazda-CX-3-42-1024x682.jpg\" alt=\"2016-Mazda-CX-3-(42)\" width=\"625\" height=\"416\" srcset=\"https:\/\/www.albilegeant.com\/articles\/wp-content\/uploads\/2014\/11\/2016-Mazda-CX-3-42-1024x682.jpg 1024w, https:\/\/www.albilegeant.com\/articles\/wp-content\/uploads\/2014\/11\/2016-Mazda-CX-3-42-300x200.jpg 300w, https:\/\/www.albilegeant.com\/articles\/wp-content\/uploads\/2014\/11\/2016-Mazda-CX-3-42-624x416.jpg 624w\" sizes=\"auto, (max-width: 625px) 100vw, 625px\" \/><\/p>\n<h2>Le moteur du Mazda CX-3<\/h2>\n<p>M\u00e9caniquement, outre le ch\u00e2ssis qui affermit un peu les suspensions et am\u00e9liore la direction pour la rendre plus vive, le groupe moteur est d\u00e9j\u00e0 bien connu: <strong>un moteur SkyActiv 2,0 litres de 155 chevaux<\/strong> dont les donn\u00e9es pr\u00e9cises pourraient peut-\u00eatre varier au moment du <strong>lancement officiel pr\u00e9vu au printemps de 2015<\/strong>.<\/p>\n<p><a href=\"http:\/\/www.albilegeant.com\/articles\/wp-content\/uploads\/2014\/11\/cx3-marc.jpg\"><img loading=\"lazy\" decoding=\"async\" class=\"alignnone size-large wp-image-2281\" src=\"http:\/\/www.albilegeant.com\/articles\/wp-content\/uploads\/2014\/11\/cx3-marc-1024x768.jpg\" alt=\"cx3-marc\" width=\"625\" height=\"468\" srcset=\"https:\/\/www.albilegeant.com\/articles\/wp-content\/uploads\/2014\/11\/cx3-marc-1024x768.jpg 1024w, https:\/\/www.albilegeant.com\/articles\/wp-content\/uploads\/2014\/11\/cx3-marc-300x225.jpg 300w, https:\/\/www.albilegeant.com\/articles\/wp-content\/uploads\/2014\/11\/cx3-marc-624x467.jpg 624w\" sizes=\"auto, (max-width: 625px) 100vw, 625px\" \/><\/a><\/p>\n<p>Sachez cependant que le petit Mazda CX-3 sera disponible avec <strong>une boite automatique \u00e0 6 rapports seulement<\/strong>, et <strong>en version traction avant ou int\u00e9grale<\/strong>. Aucune indication sur le prix n&rsquo;est encore disponible.<\/p>\n<p>Pour lire le communiqu\u00e9 de presse complet officiel de Mazda Canada, <a title=\"Communiqu\u00e9 Mazda CX-3\" href=\"http:\/\/fr.media.mazda.ca\/2014-11-18-Pr-sentation-en-premi-re-mondiale-du-v-hicule-utilitaire-multisegment-compact-Mazda-CX-3\" target=\"_blank\" rel=\"noopener noreferrer\">cliquez ici<\/a>.<\/p>\n","protected":false},"excerpt":{"rendered":"<p>Profitant du salon de Los Angeles, le constructeur japonais Mazda a d\u00e9voil\u00e9 le dernier n\u00e9 de la famille: le multisegment compact Mazda CX-3. Construit sur la plateforme de la Mazda2, il se distingue bien s\u00fbr par une taille r\u00e9duite, mais par une fonctionnalit\u00e9 et un style unique.<\/p>\n","protected":false},"author":5,"featured_media":2280,"comment_status":"open","ping_status":"open","sticky":false,"template":"","format":"standard","meta":{"footnotes":""},"categories":[5],"tags":[8,217,75],"class_list":["post-2277","post","type-post","status-publish","format-standard","has-post-thumbnail","hentry","category-actualites","tag-mazda","tag-mazda-cx-3","tag-nouveaux-modeles-mazda"],"_links":{"self":[{"href":"https:\/\/www.albilegeant.com\/articles\/wp-json\/wp\/v2\/posts\/2277","targetHints":{"allow":["GET"]}}],"collection":[{"href":"https:\/\/www.albilegeant.com\/articles\/wp-json\/wp\/v2\/posts"}],"about":[{"href":"https:\/\/www.albilegeant.com\/articles\/wp-json\/wp\/v2\/types\/post"}],"author":[{"embeddable":true,"href":"https:\/\/www.albilegeant.com\/articles\/wp-json\/wp\/v2\/users\/5"}],"replies":[{"embeddable":true,"href":"https:\/\/www.albilegeant.com\/articles\/wp-json\/wp\/v2\/comments?post=2277"}],"version-history":[{"count":12,"href":"https:\/\/www.albilegeant.com\/articles\/wp-json\/wp\/v2\/posts\/2277\/revisions"}],"predecessor-version":[{"id":14283,"href":"https:\/\/www.albilegeant.com\/articles\/wp-json\/wp\/v2\/posts\/2277\/revisions\/14283"}],"wp:featuredmedia":[{"embeddable":true,"href":"https:\/\/www.albilegeant.com\/articles\/wp-json\/wp\/v2\/media\/2280"}],"wp:attachment":[{"href":"https:\/\/www.albilegeant.com\/articles\/wp-json\/wp\/v2\/media?parent=2277"}],"wp:term":[{"taxonomy":"category","embeddable":true,"href":"https:\/\/www.albilegeant.com\/articles\/wp-json\/wp\/v2\/categories?post=2277"},{"taxonomy":"post_tag","embeddable":true,"href":"https:\/\/www.albilegeant.com\/articles\/wp-json\/wp\/v2\/tags?post=2277"}],"curies":[{"name":"wp","href":"https:\/\/api.w.org\/{rel}","templated":true}]}}