{"id":2538,"date":"2014-12-12T18:26:01","date_gmt":"2014-12-12T23:26:01","guid":{"rendered":"http:\/\/www.albilegeant.com\/articles\/?p=2538"},"modified":"2014-12-12T18:41:16","modified_gmt":"2014-12-12T23:41:16","slug":"boutique-albi-service-conseils-gratuits","status":"publish","type":"post","link":"https:\/\/www.albilegeant.com\/articles\/blogue\/boutique-albi-service-conseils-gratuits\/","title":{"rendered":"Boutique ALBI: Service et conseils gratuits !"},"content":{"rendered":"<p>La Boutique ALBI, situ\u00e9e aux Galeries Terrebonne, a f\u00eat\u00e9 ce 1er octobre 2014 son premier joyeux anniversaire.<\/p>\n<p>Ce qu&rsquo;on vend \u00e0 la Boutique? Absolument rien ! Mais alors, qu&rsquo;est-ce que l&rsquo;\u00e9quipe de la boutique a \u00e0 offrir \u00e0 sa client\u00e8le de Terrebonne, de Mascouche et des environs?<!--more--><\/p>\n<h2>Service et conseils gratuits \u00e0 la Boutique ALBI<\/h2>\n<p>Danny et son \u00e9quipe ont install\u00e9 leurs p\u00e9nates pr\u00e8s de l&rsquo;aire de restauration des Galeries Terrebonne il y a un peu plus d&rsquo;un an maintenant.<\/p>\n<p>S&rsquo;ils n&rsquo;ont rien \u00e0 vendre, ils ont par contre beaucoup, beaucoup \u00e0 offrir! <strong>La Boutique ALBI est un point de service<\/strong> pour les concessions ALBI le G\u00e9ant \u00e9tablies dans la r\u00e9gion MRC des Moulins.<\/p>\n<p>Dans la Boutique ALBI, vous trouvez service et conseils \u00e0 propos des v\u00e9hicules disponibles chez <a title=\"ALBI le G\u00e9ant Mazda \u00e0 Mascouche\" href=\"http:\/\/www.albimazda.com\" target=\"_blank\"><strong>ALBI le G\u00e9ant Mazda<\/strong><\/a>, <a title=\"ALBI le G\u00e9ant Kia de Mascouche\" href=\"http:\/\/www.albikia.com\" target=\"_blank\"><strong>ALBI le G\u00e9ant Kia<\/strong><\/a>, <strong><a title=\"ALBI Occasion\" href=\"http:\/\/www.albioccasion.com\" target=\"_blank\">ALBI Occasion<\/a>,<\/strong> ainsi que chez les concessionnaires <a title=\"ALBI Nissan\" href=\"http:\/\/www.albinissan.com\" target=\"_blank\"><strong>ALBI Nissan<\/strong><\/a> et <a title=\"ALBI Infiniti de Mascouche\" href=\"http:\/\/www.albiinfiniti.com\" target=\"_blank\"><strong>ALBI Infiniti<\/strong><\/a>.<\/p>\n<h2>Une \u00e9quipe \u00e0 la hauteur de vos attentes<\/h2>\n<p><strong>Les 4 experts-conseils de la Boutique ALBI<\/strong> sont l\u00e0 pour r\u00e9pondre \u00e0 toutes ces questions que, souvent, nous posons \u00e0 l&rsquo;\u00e9cran de l&rsquo;ordinateur lorsque nous commen\u00e7ons \u00e0 faire des recherches sur notre prochain v\u00e9hicule. L&rsquo;\u00e9quipe de la Boutique est \u00e0 l&rsquo;\u00e9coute de vos besoins et ont \u00e0 c\u0153ur de r\u00e9pondre \u00e0 vos attentes.<\/p>\n<p>Avec un des experts conseils de la Boutique ALBI, vous trouverez non seulement r\u00e9ponse \u00e0 vos questions, mais vous b\u00e9n\u00e9ficierez d&rsquo;un service complet de conseils et de prise de rendez-vous. Apr\u00e8s avoir \u00e9tabli avec vous vos priorit\u00e9s et votre budget,<strong> le conseiller prend rendez-vous pour vous dans une concession ALBI le G\u00e9ant<\/strong> et fait le suivi avec l&rsquo;\u00e9quipe en concession.<\/p>\n<p><a href=\"http:\/\/www.albilegeant.com\/articles\/wp-content\/uploads\/2014\/12\/centre_achat2.jpg\"><img loading=\"lazy\" decoding=\"async\" class=\"alignnone wp-image-2660 size-full\" src=\"http:\/\/www.albilegeant.com\/articles\/wp-content\/uploads\/2014\/12\/centre_achat2.jpg\" alt=\"centre_achat2\" width=\"4320\" height=\"3240\" srcset=\"https:\/\/www.albilegeant.com\/articles\/wp-content\/uploads\/2014\/12\/centre_achat2.jpg 4320w, https:\/\/www.albilegeant.com\/articles\/wp-content\/uploads\/2014\/12\/centre_achat2-300x225.jpg 300w, https:\/\/www.albilegeant.com\/articles\/wp-content\/uploads\/2014\/12\/centre_achat2-1024x768.jpg 1024w, https:\/\/www.albilegeant.com\/articles\/wp-content\/uploads\/2014\/12\/centre_achat2-624x467.jpg 624w\" sizes=\"auto, (max-width: 4320px) 100vw, 4320px\" \/><\/a><\/p>\n<p>Lorsque vous vous pr\u00e9sentez chez votre concessionnaire<a title=\"Rendez-vous chez ALBI le G\u00e9ant !\" href=\"http:\/\/www.albilegeant.com\/\" target=\"_blank\"> ALBI le G\u00e9ant,<\/a> un repr\u00e9sentant vous accueille. Soit vous faites l&rsquo;essai routier du v\u00e9hicule que vous souhaitez acqu\u00e9rir; ou encore, vous visitez l&rsquo;une de nos salles de montre accueillante et chaleureuse entour\u00e9 d&rsquo;une \u00e9quipe de pros.<\/p>\n<h2>Passez nous voir \u00e0 la Boutique ALBI<\/h2>\n<p>Pendant la p\u00e9riode des F\u00eates, la <strong>Boutique ALBI est ouverte de 9h00 \u00e0 21h00 du lundi au vendredi, et de 9h00 \u00e0 17h00 le samedi et le dimanche.<\/strong><\/p>\n<p>Danny et son \u00e9quipe vous attendent. C&rsquo;est avec plaisir qu&rsquo;ils r\u00e9pondront \u00e0 vos questions et, qui sait, vous aideront \u00e0 trouver le v\u00e9hicule parfait pour vous&#8230; ou \u00e0 offrir \u00e0 un \u00eatre cher!<\/p>\n<p>Passez nous voir aux Galeries Terrebonne, \u00e0 la <a title=\"Boutique ALBI - Nous joindre\" href=\"http:\/\/www.albilegeant.com\/nous-joindre\/\" target=\"_blank\">Boutique ALBI<\/a>, porte P6 \u00e0 partir du stationnement arri\u00e8re ou P3 dans le stationnement situ\u00e9 \u00e0 l&rsquo;avant.<\/p>\n","protected":false},"excerpt":{"rendered":"<p>La Boutique ALBI, situ\u00e9e aux Galeries Terrebonne, a f\u00eat\u00e9 ce 1er octobre 2014 son premier joyeux anniversaire. Ce qu&rsquo;on vend \u00e0 la Boutique? Absolument rien ! Mais alors, qu&rsquo;est-ce que l&rsquo;\u00e9quipe de la boutique a \u00e0 offrir \u00e0 sa client\u00e8le de Terrebonne, de Mascouche et des environs?<\/p>\n","protected":false},"author":5,"featured_media":2659,"comment_status":"open","ping_status":"open","sticky":false,"template":"","format":"standard","meta":{"footnotes":""},"categories":[6],"tags":[],"class_list":["post-2538","post","type-post","status-publish","format-standard","has-post-thumbnail","hentry","category-blogue"],"_links":{"self":[{"href":"https:\/\/www.albilegeant.com\/articles\/wp-json\/wp\/v2\/posts\/2538","targetHints":{"allow":["GET"]}}],"collection":[{"href":"https:\/\/www.albilegeant.com\/articles\/wp-json\/wp\/v2\/posts"}],"about":[{"href":"https:\/\/www.albilegeant.com\/articles\/wp-json\/wp\/v2\/types\/post"}],"author":[{"embeddable":true,"href":"https:\/\/www.albilegeant.com\/articles\/wp-json\/wp\/v2\/users\/5"}],"replies":[{"embeddable":true,"href":"https:\/\/www.albilegeant.com\/articles\/wp-json\/wp\/v2\/comments?post=2538"}],"version-history":[{"count":7,"href":"https:\/\/www.albilegeant.com\/articles\/wp-json\/wp\/v2\/posts\/2538\/revisions"}],"predecessor-version":[{"id":2661,"href":"https:\/\/www.albilegeant.com\/articles\/wp-json\/wp\/v2\/posts\/2538\/revisions\/2661"}],"wp:featuredmedia":[{"embeddable":true,"href":"https:\/\/www.albilegeant.com\/articles\/wp-json\/wp\/v2\/media\/2659"}],"wp:attachment":[{"href":"https:\/\/www.albilegeant.com\/articles\/wp-json\/wp\/v2\/media?parent=2538"}],"wp:term":[{"taxonomy":"category","embeddable":true,"href":"https:\/\/www.albilegeant.com\/articles\/wp-json\/wp\/v2\/categories?post=2538"},{"taxonomy":"post_tag","embeddable":true,"href":"https:\/\/www.albilegeant.com\/articles\/wp-json\/wp\/v2\/tags?post=2538"}],"curies":[{"name":"wp","href":"https:\/\/api.w.org\/{rel}","templated":true}]}}