{"id":3395,"date":"2015-01-23T09:50:02","date_gmt":"2015-01-23T14:50:02","guid":{"rendered":"http:\/\/www.albilegeant.com\/articles\/?p=3395"},"modified":"2019-06-03T09:14:14","modified_gmt":"2019-06-03T13:14:14","slug":"honda-pilot-ridgeline-bientot","status":"publish","type":"post","link":"https:\/\/www.albilegeant.com\/articles\/actualites\/honda-pilot-ridgeline-bientot\/","title":{"rendered":"Honda Pilot et Ridgeline, pour bient\u00f4t"},"content":{"rendered":"<p>Honda avait pourtant dit qu&rsquo;il s&rsquo;\u00e9loignerait du march\u00e9 des camionnettes et des grands utilitaires sport. Mais la popularit\u00e9 de ce segment est telle que le constructeur japonais ne pouvait faire autrement que d&rsquo;y jeter un \u0153il de nouveau, ce qui devrait conduire \u00e0 la cr\u00e9ation de deux nouveaux mod\u00e8les avant la fin de l&rsquo;ann\u00e9e.<\/p>\n<p><!--more--><\/p>\n<p>En fait, les grands changements s&rsquo;amorceront plut\u00f4t en f\u00e9vrier 2015, alors que Honda profitera du <strong>salon de l&rsquo;auto de Chicago et de celui de Toronto<\/strong>, qui se d\u00e9roulent simultan\u00e9ment, pour d\u00e9voiler un tout nouveau Honda Pilot totalement remani\u00e9. C&rsquo;est du moins ce qu&rsquo;a pr\u00e9cis\u00e9 le vice-pr\u00e9sident de Honda Corporation aux \u00c9tats-Unis, John Mendel, en r\u00e9v\u00e9lant aussi une silhouette du nouveau v\u00e9hicule.<\/p>\n<p>\u00ab\u00a0Nous allons introduire un tout nouveau Honda Pilot qui va red\u00e9finir le segment des utilitaires interm\u00e9diaires sport \u00e0 huit places. Nous avons aussi encore beaucoup d\u2019excitation en r\u00e9serve pour les v\u00e9hicules passagers qui seront lanc\u00e9s cette ann\u00e9e,\u00a0\u00bb a-t-il lanc\u00e9.<\/p>\n<p>Cette excitation, elle serait aussi caus\u00e9e par la venue d&rsquo;une nouvelle camionnette Honda Ridgeline, un mod\u00e8le absent du catalogue pour l&rsquo;ann\u00e9e 2015.<\/p>\n<p>Selon les informations disponibles cependant, le nouveau Honda Ridgeline ne serait propos\u00e9 qu&rsquo;en novembre prochain, lors du salon de l&rsquo;auto de Los Angeles. Il pourrait alors \u00eatre offert <strong>en vente en 2016, comme ann\u00e9e mod\u00e8le 2017<\/strong>.<\/p>\n<p>La d\u00e9cision de Honda de revenir dans le segment des camionnettes n&rsquo;est pas anodine. Les camionnettes grand format comme le<a title=\"Ford F-150\" href=\"http:\/\/www.albiford.com\/F-150\" target=\"_blank\" rel=\"noopener\"> Ford F-150<\/a> tr\u00f4nent au sommet des ventes, toute cat\u00e9gorie de v\u00e9hicules confondues. Rappelons aussi que de nouveaux joueurs, comme le Nissan Titan d\u00e9voil\u00e9 r\u00e9cemment \u00e0 D\u00e9troit, viendront aussi brouiller les cartes.<\/p>\n<p>Le march\u00e9 des camionnettes et des utilitaires sport repr\u00e9sente, en 2014, <strong>plus de 48% des ventes totales aux \u00c9tats-Unis et au Canada<\/strong>.<\/p>\n","protected":false},"excerpt":{"rendered":"<p>Honda avait pourtant dit qu&rsquo;il s&rsquo;\u00e9loignerait du march\u00e9 des camionnettes et des grands utilitaires sport. Mais la popularit\u00e9 de ce segment est telle que le constructeur japonais ne pouvait faire autrement que d&rsquo;y jeter un \u0153il de nouveau, ce qui devrait conduire \u00e0 la cr\u00e9ation de deux nouveaux mod\u00e8les avant la fin de l&rsquo;ann\u00e9e.<\/p>\n","protected":false},"author":5,"featured_media":3396,"comment_status":"open","ping_status":"open","sticky":false,"template":"","format":"standard","meta":{"footnotes":""},"categories":[5],"tags":[229,307,308,231],"class_list":["post-3395","post","type-post","status-publish","format-standard","has-post-thumbnail","hentry","category-actualites","tag-honda","tag-honda-pilot","tag-honda-ridgeline","tag-nouveaux-modeles-honda"],"_links":{"self":[{"href":"https:\/\/www.albilegeant.com\/articles\/wp-json\/wp\/v2\/posts\/3395","targetHints":{"allow":["GET"]}}],"collection":[{"href":"https:\/\/www.albilegeant.com\/articles\/wp-json\/wp\/v2\/posts"}],"about":[{"href":"https:\/\/www.albilegeant.com\/articles\/wp-json\/wp\/v2\/types\/post"}],"author":[{"embeddable":true,"href":"https:\/\/www.albilegeant.com\/articles\/wp-json\/wp\/v2\/users\/5"}],"replies":[{"embeddable":true,"href":"https:\/\/www.albilegeant.com\/articles\/wp-json\/wp\/v2\/comments?post=3395"}],"version-history":[{"count":4,"href":"https:\/\/www.albilegeant.com\/articles\/wp-json\/wp\/v2\/posts\/3395\/revisions"}],"predecessor-version":[{"id":12387,"href":"https:\/\/www.albilegeant.com\/articles\/wp-json\/wp\/v2\/posts\/3395\/revisions\/12387"}],"wp:featuredmedia":[{"embeddable":true,"href":"https:\/\/www.albilegeant.com\/articles\/wp-json\/wp\/v2\/media\/3396"}],"wp:attachment":[{"href":"https:\/\/www.albilegeant.com\/articles\/wp-json\/wp\/v2\/media?parent=3395"}],"wp:term":[{"taxonomy":"category","embeddable":true,"href":"https:\/\/www.albilegeant.com\/articles\/wp-json\/wp\/v2\/categories?post=3395"},{"taxonomy":"post_tag","embeddable":true,"href":"https:\/\/www.albilegeant.com\/articles\/wp-json\/wp\/v2\/tags?post=3395"}],"curies":[{"name":"wp","href":"https:\/\/api.w.org\/{rel}","templated":true}]}}