{"id":3471,"date":"2015-02-04T08:52:32","date_gmt":"2015-02-04T13:52:32","guid":{"rendered":"http:\/\/www.albilegeant.com\/articles\/?p=3471"},"modified":"2020-09-24T17:03:14","modified_gmt":"2020-09-24T21:03:14","slug":"moto-lauto-histoire-honda","status":"publish","type":"post","link":"https:\/\/www.albilegeant.com\/articles\/blogue\/moto-lauto-histoire-honda\/","title":{"rendered":"De la moto \u00e0 l&rsquo;auto : Histoire de Honda"},"content":{"rendered":"<p>Soichiro Honda a toujours aim\u00e9 les voitures. Pourtant, ce n&rsquo;est qu&rsquo;en 1963 que sa compagnie devient officiellement un constructeur automobile. Voici ce qui s&rsquo;est pass\u00e9:<\/p>\n<p><!--more--><\/p>\n<h2>Le pr\u00e9sident<\/h2>\n<p><a href=\"http:\/\/www.albilegeant.com\/articles\/wp-content\/uploads\/2015\/01\/honda.jpg\"><img loading=\"lazy\" decoding=\"async\" class=\"aligncenter size-full wp-image-3553\" src=\"http:\/\/www.albilegeant.com\/articles\/wp-content\/uploads\/2015\/01\/honda.jpg\" alt=\"honda\" width=\"475\" height=\"247\" srcset=\"https:\/\/www.albilegeant.com\/articles\/wp-content\/uploads\/2015\/01\/honda.jpg 475w, https:\/\/www.albilegeant.com\/articles\/wp-content\/uploads\/2015\/01\/honda-300x156.jpg 300w\" sizes=\"auto, (max-width: 475px) 100vw, 475px\" \/><\/a><\/p>\n<p><strong>1948.<\/strong> Le Japon est toujours occup\u00e9 par les Am\u00e9ricains, cons\u00e9quence de la Seconde Guerre. Malgr\u00e9 tout, le pays recommence \u00e0 se d\u00e9velopper. Un homme passionn\u00e9,<strong> Soichiro Honda<\/strong>, fonde la compagnie Honda cette ann\u00e9e-l\u00e0. La passion de M. Honda lui permet de s&rsquo;entourer des meilleurs. Tr\u00e8s vite, <strong>les motos et les moteurs Honda gagnent une renomm\u00e9e internationale.<\/strong><\/p>\n<p>Deux d\u00e9cennies plus tard, nous sommes en 1960. Sur la Terre, il y a 3 milliards d&rsquo;humain. De son c\u00f4t\u00e9, la compagnie a grandit et acquis une solide r\u00e9putation.<\/p>\n<p><strong>La division Honda R&amp;D Center devient ind\u00e9pendante<\/strong>. Sous son aile, des mod\u00e8les de voiture seront d\u00e9velopp\u00e9s. C&rsquo;est en <strong>1963 que les premi\u00e8res voitures Honda furent d\u00e9voil\u00e9<\/strong>. On parle d&rsquo;une voiture et d&rsquo;un camion, respectivement la S360 et le T360.<\/p>\n<h2>Les Premi\u00e8res Honda<\/h2>\n<p>La <strong>S360<\/strong> est un petit coup\u00e9 qui correspond en tout point \u00e0 l&rsquo;id\u00e9e que l&rsquo;on pourrait se faire d&rsquo;une \u00ab\u00a0petite voiture japonaise\u00a0\u00bb. Une image valant mille mots&#8230;:<\/p>\n<p><a href=\"http:\/\/www.albilegeant.com\/articles\/wp-content\/uploads\/2015\/01\/s360.jpg\"><img loading=\"lazy\" decoding=\"async\" class=\"size-full wp-image-3517 aligncenter\" src=\"http:\/\/www.albilegeant.com\/articles\/wp-content\/uploads\/2015\/01\/s360.jpg\" alt=\"s360\" width=\"400\" height=\"189\" srcset=\"https:\/\/www.albilegeant.com\/articles\/wp-content\/uploads\/2015\/01\/s360.jpg 400w, https:\/\/www.albilegeant.com\/articles\/wp-content\/uploads\/2015\/01\/s360-300x141.jpg 300w\" sizes=\"auto, (max-width: 400px) 100vw, 400px\" \/><\/a><\/p>\n<p>Cette sportive avait un joli potentiel avec <strong>son moteur de 360 chevaux<\/strong>. Mais le mod\u00e8le n&rsquo;a jamais atteint les chaines de production.<\/p>\n<p>Quant au <strong>camion T360<\/strong>, le design est ind\u00e9niablement japonais. De petite taille, surtout si on s&rsquo;aventure \u00e0 mettre le mod\u00e8le de 1963 c\u00f4te \u00e0 c\u00f4te avec le Honda Ridgeline 2014 par exemple, le T360 semblait d&rsquo;abord destin\u00e9 aux agriculteurs ou aux entrepreneurs qu&rsquo;\u00e0 toute autre client\u00e8le.<\/p>\n<p><a href=\"http:\/\/www.albilegeant.com\/articles\/wp-content\/uploads\/2015\/01\/Honda-T3601.jpg\"><img loading=\"lazy\" decoding=\"async\" class=\"aligncenter size-full wp-image-3549\" src=\"http:\/\/www.albilegeant.com\/articles\/wp-content\/uploads\/2015\/01\/Honda-T3601.jpg\" alt=\"Honda-T360\" width=\"800\" height=\"511\" srcset=\"https:\/\/www.albilegeant.com\/articles\/wp-content\/uploads\/2015\/01\/Honda-T3601.jpg 800w, https:\/\/www.albilegeant.com\/articles\/wp-content\/uploads\/2015\/01\/Honda-T3601-300x191.jpg 300w, https:\/\/www.albilegeant.com\/articles\/wp-content\/uploads\/2015\/01\/Honda-T3601-624x398.jpg 624w\" sizes=\"auto, (max-width: 800px) 100vw, 800px\" \/><\/a><\/p>\n<h2>La l\u00e9gende<\/h2>\n<p>En <strong>1972<\/strong>, le Stade Olympique n&rsquo;est pas encore construit, les Nordiques de Qu\u00e9bec \u00e9voluent dans la AMH (Association mondiale de hockey) et<strong> Honda pr\u00e9sente la Civic<\/strong>.<\/p>\n<p>La Honda Civic de 1972 a deux portes et poss\u00e8de un groupe moteur EB1 tout d&rsquo;aluminium v\u00eatu. Le but des ing\u00e9nieurs \u00e9tait de construire un v\u00e9hicule l\u00e9ger et \u00e9conomique. Pour y parvenir, les ing\u00e9nieurs ont d\u00fb se tourner vers des principes de construction a\u00e9ronautiques.<\/p>\n<p>Une l\u00e9gende \u00e9tait n\u00e9e. Neuf g\u00e9n\u00e9rations plus tard,<strong> la <a title=\"Honda Civic\" href=\"https:\/\/www.albioccasion.com\/inventaire\/honda-civic\/?utm_source=blog&amp;utm_medium=referral&amp;utm_campaign=Blog_ALBI\" target=\"_blank\" rel=\"noopener noreferrer\">Honda Civic<\/a> est l&rsquo;un des v\u00e9hicules les plus vendus au Qu\u00e9bec.<\/strong><\/p>\n<p><a href=\"http:\/\/www.albilegeant.com\/articles\/wp-content\/uploads\/2015\/01\/1972-Honda-Civic.jpg\"><img loading=\"lazy\" decoding=\"async\" class=\"alignleft size-full wp-image-3524\" src=\"http:\/\/www.albilegeant.com\/articles\/wp-content\/uploads\/2015\/01\/1972-Honda-Civic.jpg\" alt=\"1972 Honda Civic\" width=\"782\" height=\"466\" srcset=\"https:\/\/www.albilegeant.com\/articles\/wp-content\/uploads\/2015\/01\/1972-Honda-Civic.jpg 782w, https:\/\/www.albilegeant.com\/articles\/wp-content\/uploads\/2015\/01\/1972-Honda-Civic-300x178.jpg 300w, https:\/\/www.albilegeant.com\/articles\/wp-content\/uploads\/2015\/01\/1972-Honda-Civic-624x371.jpg 624w\" sizes=\"auto, (max-width: 782px) 100vw, 782px\" \/><\/a><\/p>\n<h2>La technologie<\/h2>\n<p><strong>1981<\/strong>. Claude Dubois est reconnu coupable de trafic d&rsquo;h\u00e9ro\u00efne, Bob Marley passe l&rsquo;arme \u00e0 gauche, les Expos font les s\u00e9ries. Chez Honda, on pr\u00e9sente<strong> le premier Car Navigation System<\/strong>. Appel\u00e9 le Electro Gyrocator, le premier gps fonctionne gr\u00e2ce \u00e0 un gyroscope capable de d\u00e9tecter la position de la voiture et transmettre l&rsquo;information sur l&rsquo;\u00e9cran.<\/p>\n<p>Le <strong>Electro Gyrocator<\/strong> est offert en option sur les mod\u00e8les 1981 de la <a title=\"Honda Accord\" href=\"https:\/\/www.albioccasion.com\/inventaire\/honda-accord\/?utm_source=blog&amp;utm_medium=referral&amp;utm_campaign=Blog_ALBI\" target=\"_blank\" rel=\"noopener noreferrer\">Honda Accord<\/a> et de la Honda Vigor. Les recherches de Honda ne s&rsquo;arr\u00eatent pas en si bon chemin. Quelques ann\u00e9es plus tard, on voit apparaitre <strong>les coussins gonflables et les 4 roues motrices<\/strong>.<\/p>\n<p>En 1988, Honda va encore plus loin en pr\u00e9sentant une voiture enti\u00e8rement \u00e9lectrique. La Honda EV Plus est une pionni\u00e8re dans sa cat\u00e9gorie.<\/p>\n<h2>La suite<\/h2>\n<p>Entre 1990 et 1995,<strong> Honda produit pr\u00e8s de 30 millions de v\u00e9hicules<\/strong>. En 1997, la Civic Ferio et la Partner LEVs sont mise en march\u00e9. Ces mod\u00e8les \u00e0 faible taux d&rsquo;\u00e9mission de gaz \u00e0 effet de serre sont suivi l&rsquo;ann\u00e9e suivante par le premier v\u00e9hicule hybride du constructeur, la Insight.<\/p>\n<p>La premi\u00e8re d\u00e9cennie du 21e si\u00e8cle se d\u00e9roule sous le signe du succ\u00e8s pour Honda, qui arrive tirer son \u00e9pingle du jeu tandis que les constructeurs am\u00e9ricains font face \u00e0 une crise profonde. On notre entre autre l&rsquo;arriv\u00e9e sur les autoroutes du Japon et des \u00c9tats-Unis d&rsquo;une<strong> Honda \u00e0 hydrog\u00e8ne, la FCX Clarity fuel cell<\/strong>.<\/p>\n<p>R\u00e9cemment dans les Salons de l&rsquo;Auto, on a vu un prototype Honda prometteur. Il s&rsquo;agirait d&rsquo;un multisegment sport compact qui risque de bousculer cette cat\u00e9gorie tr\u00e8s populaire depuis 2013.<\/p>\n<p>Le constructeur nippon en a encore beaucoup \u00e0 offrir. \u00c0 suivre sur le blogue ALBI ainsi que sur ALBI Honda.<\/p>\n<p><a href=\"http:\/\/www.albilegeant.com\/articles\/wp-content\/uploads\/2015\/01\/2015_CR-V.jpg\"><img loading=\"lazy\" decoding=\"async\" class=\"aligncenter size-full wp-image-3550\" src=\"http:\/\/www.albilegeant.com\/articles\/wp-content\/uploads\/2015\/01\/2015_CR-V.jpg\" alt=\"2015_CR-V\" width=\"930\" height=\"555\" srcset=\"https:\/\/www.albilegeant.com\/articles\/wp-content\/uploads\/2015\/01\/2015_CR-V.jpg 930w, https:\/\/www.albilegeant.com\/articles\/wp-content\/uploads\/2015\/01\/2015_CR-V-300x179.jpg 300w, https:\/\/www.albilegeant.com\/articles\/wp-content\/uploads\/2015\/01\/2015_CR-V-624x372.jpg 624w\" sizes=\"auto, (max-width: 930px) 100vw, 930px\" \/><\/a><\/p>\n","protected":false},"excerpt":{"rendered":"<p>Soichiro Honda a toujours aim\u00e9 les voitures. Pourtant, ce n&rsquo;est qu&rsquo;en 1963 que sa compagnie devient officiellement un constructeur automobile. Voici ce qui s&rsquo;est pass\u00e9:<\/p>\n","protected":false},"author":5,"featured_media":3547,"comment_status":"open","ping_status":"open","sticky":false,"template":"","format":"standard","meta":{"footnotes":""},"categories":[6],"tags":[71,229],"class_list":["post-3471","post","type-post","status-publish","format-standard","has-post-thumbnail","hentry","category-blogue","tag-historique","tag-honda"],"_links":{"self":[{"href":"https:\/\/www.albilegeant.com\/articles\/wp-json\/wp\/v2\/posts\/3471","targetHints":{"allow":["GET"]}}],"collection":[{"href":"https:\/\/www.albilegeant.com\/articles\/wp-json\/wp\/v2\/posts"}],"about":[{"href":"https:\/\/www.albilegeant.com\/articles\/wp-json\/wp\/v2\/types\/post"}],"author":[{"embeddable":true,"href":"https:\/\/www.albilegeant.com\/articles\/wp-json\/wp\/v2\/users\/5"}],"replies":[{"embeddable":true,"href":"https:\/\/www.albilegeant.com\/articles\/wp-json\/wp\/v2\/comments?post=3471"}],"version-history":[{"count":24,"href":"https:\/\/www.albilegeant.com\/articles\/wp-json\/wp\/v2\/posts\/3471\/revisions"}],"predecessor-version":[{"id":14226,"href":"https:\/\/www.albilegeant.com\/articles\/wp-json\/wp\/v2\/posts\/3471\/revisions\/14226"}],"wp:featuredmedia":[{"embeddable":true,"href":"https:\/\/www.albilegeant.com\/articles\/wp-json\/wp\/v2\/media\/3547"}],"wp:attachment":[{"href":"https:\/\/www.albilegeant.com\/articles\/wp-json\/wp\/v2\/media?parent=3471"}],"wp:term":[{"taxonomy":"category","embeddable":true,"href":"https:\/\/www.albilegeant.com\/articles\/wp-json\/wp\/v2\/categories?post=3471"},{"taxonomy":"post_tag","embeddable":true,"href":"https:\/\/www.albilegeant.com\/articles\/wp-json\/wp\/v2\/tags?post=3471"}],"curies":[{"name":"wp","href":"https:\/\/api.w.org\/{rel}","templated":true}]}}