{"id":3502,"date":"2015-01-31T09:48:08","date_gmt":"2015-01-31T14:48:08","guid":{"rendered":"http:\/\/www.albilegeant.com\/articles\/?p=3502"},"modified":"2020-09-24T17:04:00","modified_gmt":"2020-09-24T21:04:00","slug":"mazda6-integrale-bientot","status":"publish","type":"post","link":"https:\/\/www.albilegeant.com\/articles\/actualites\/mazda6-integrale-bientot\/","title":{"rendered":"Une Mazda6 int\u00e9grale pour bient\u00f4t?"},"content":{"rendered":"<p>La d\u00e9cision n&rsquo;est pas prise, et bien loin d&rsquo;\u00eatre confirm\u00e9e, mais le constructeur japonais Mazda envisagerait la possibilit\u00e9 d&rsquo;ajouter la\u00a0Mazda6 int\u00e9grale \u00e0 la grande famille. Une d\u00e9cision qui aurait certainement d&rsquo;importantes retomb\u00e9es au Canada, un des pays o\u00f9 les automobiles \u00e0 traction int\u00e9grale ont le plus de succ\u00e8s.<\/p>\n<p><!--more--><\/p>\n<p>Dans les faits, Mazda poss\u00e8de d\u00e9j\u00e0 la <strong>technologie int\u00e9grale<\/strong> sur sa grande berline, puisqu&rsquo;elle est offerte notamment aux consommateurs de certains<strong> pays europ\u00e9ens<\/strong>, le dernier en lice \u00e9tant la Bosnie. On y a m\u00eame ajout\u00e9 une version familiale, et tous les mod\u00e8les sont offerts avec une motorisation hybride.<\/p>\n<p>Chez Mazda Canada cependant, m\u00eame si on n&rsquo;\u00e9carte pas la possibilit\u00e9, on est bien loin de confirmer la venue d&rsquo;une voiture \u00e0 traction int\u00e9grale. \u00ab\u00a0En th\u00e9orie, nous avons l&rsquo;autorisation de vendre chez nous toutes les versions offertes au monde, mais il n&rsquo;y a pour le moment aucun plan officiel d&rsquo;importer une version int\u00e9grale\u00a0\u00bb, a expliqu\u00e9 aux journalistes le repr\u00e9sentant de Mazda Canada.<\/p>\n<p>Du m\u00eame souffle cependant, la compagnie ne ferme pas la porte. \u00ab\u00a0Nous \u00e9tudions quand m\u00eame la possibilit\u00e9, mais nous devons tenir compte du march\u00e9. C&rsquo;est notamment la raison pour laquelle nous ne vendons pas ici la version familiale de la <a title=\"Mazda6\" href=\"https:\/\/www.albioccasion.com\/inventaire\/mazda-mazda6\/?utm_source=blog&amp;utm_medium=referral&amp;utm_campaign=Blog_ALBI\" target=\"_blank\" rel=\"noopener noreferrer\">Mazda6<\/a>, la demande n&rsquo;\u00e9tant pas assez forte\u00a0\u00bb, a poursuivi le porte-parole.<\/p>\n<p>La Mazda6\u00a0int\u00e9grale n&rsquo;est donc pas pour demain au pays. En revanche, Mazda a toujours dans ses cartons une version diesel qu&rsquo;elle devrait lancer sous peu. Rappelons que la Mazda6 diesel devait \u00eatre commercialis\u00e9e en 2014, mais que la compagnie avait choisi de reporter la date de lancement, en expliquant que, m\u00eame si la voiture rencontrait les normes environnementales canadiennes, elle n&rsquo;offrait pas le bon rapport \u00e9conomie d&rsquo;essence-plaisir de conduite, une notion ch\u00e8re \u00e0 Mazda.<\/p>\n","protected":false},"excerpt":{"rendered":"<p>La d\u00e9cision n&rsquo;est pas prise, et bien loin d&rsquo;\u00eatre confirm\u00e9e, mais le constructeur japonais Mazda envisagerait la possibilit\u00e9 d&rsquo;ajouter la\u00a0Mazda6 int\u00e9grale \u00e0 la grande famille. Une d\u00e9cision qui aurait certainement d&rsquo;importantes retomb\u00e9es au Canada, un des pays o\u00f9 les automobiles \u00e0 traction int\u00e9grale ont le plus de succ\u00e8s.<\/p>\n","protected":false},"author":5,"featured_media":3503,"comment_status":"open","ping_status":"open","sticky":false,"template":"","format":"standard","meta":{"footnotes":""},"categories":[5],"tags":[8,315,75],"class_list":["post-3502","post","type-post","status-publish","format-standard","has-post-thumbnail","hentry","category-actualites","tag-mazda","tag-mazda6","tag-nouveaux-modeles-mazda"],"_links":{"self":[{"href":"https:\/\/www.albilegeant.com\/articles\/wp-json\/wp\/v2\/posts\/3502","targetHints":{"allow":["GET"]}}],"collection":[{"href":"https:\/\/www.albilegeant.com\/articles\/wp-json\/wp\/v2\/posts"}],"about":[{"href":"https:\/\/www.albilegeant.com\/articles\/wp-json\/wp\/v2\/types\/post"}],"author":[{"embeddable":true,"href":"https:\/\/www.albilegeant.com\/articles\/wp-json\/wp\/v2\/users\/5"}],"replies":[{"embeddable":true,"href":"https:\/\/www.albilegeant.com\/articles\/wp-json\/wp\/v2\/comments?post=3502"}],"version-history":[{"count":7,"href":"https:\/\/www.albilegeant.com\/articles\/wp-json\/wp\/v2\/posts\/3502\/revisions"}],"predecessor-version":[{"id":14227,"href":"https:\/\/www.albilegeant.com\/articles\/wp-json\/wp\/v2\/posts\/3502\/revisions\/14227"}],"wp:featuredmedia":[{"embeddable":true,"href":"https:\/\/www.albilegeant.com\/articles\/wp-json\/wp\/v2\/media\/3503"}],"wp:attachment":[{"href":"https:\/\/www.albilegeant.com\/articles\/wp-json\/wp\/v2\/media?parent=3502"}],"wp:term":[{"taxonomy":"category","embeddable":true,"href":"https:\/\/www.albilegeant.com\/articles\/wp-json\/wp\/v2\/categories?post=3502"},{"taxonomy":"post_tag","embeddable":true,"href":"https:\/\/www.albilegeant.com\/articles\/wp-json\/wp\/v2\/tags?post=3502"}],"curies":[{"name":"wp","href":"https:\/\/api.w.org\/{rel}","templated":true}]}}