{"id":3852,"date":"2015-02-17T09:36:47","date_gmt":"2015-02-17T14:36:47","guid":{"rendered":"http:\/\/www.albilegeant.com\/articles\/?p=3852"},"modified":"2019-06-03T09:13:29","modified_gmt":"2019-06-03T13:13:29","slug":"honda-ridgeline-proche-jamais","status":"publish","type":"post","link":"https:\/\/www.albilegeant.com\/articles\/actualites\/honda-ridgeline-proche-jamais\/","title":{"rendered":"Le Honda Ridgeline, plus proche que jamais"},"content":{"rendered":"<p>C&rsquo;est au Salon de l&rsquo;auto de Chicago, au cours des derniers jours, que la compagnie Honda a lanc\u00e9 un petit clin d&rsquo;\u0153il aux mordus de camionnettes en d\u00e9voilant, le temps de quelques secondes, une esquisse de ce qui pourrait \u00eatre le nouveau Honda Ridgeline.<\/p>\n<p><!--more--><\/p>\n<h2>Le Honda Ridgeline, les croquis<\/h2>\n<p>Plus t\u00f4t cette ann\u00e9e, Honda avait en effet annonc\u00e9 la disparition du mod\u00e8le Honda Ridgeline au catalogue, en attendant de pouvoir recr\u00e9er un v\u00e9hicule avec une nouvelle silhouette. L&rsquo;esquisse offerte la semaine derni\u00e8re serait le pr\u00e9sage \u00e0 une version 2017 de la camionnette.<\/p>\n<p>\u00c9videmment, il est beaucoup trop t\u00f4t pour pr\u00e9voir le moindre d\u00e9tail quant \u00e0 la motorisation. En revanche, le style rappelle clairement l&rsquo;ancienne g\u00e9n\u00e9ration.<\/p>\n<p>Les porti\u00e8res adoptent une sculpture creuse d\u2019un pli alors que le panneau de la benne int\u00e8gre un petit aileron a\u00e9rodynamique. D\u2019ailleurs, il n\u2019est pas clair sur le dessin si la composante mobile peut \u00eatre ouverte en porte-papillon ou seulement \u00e0 rabat.<\/p>\n<p>\u00ab\u00a0La toute nouvelle camionnette prendra une direction largement r\u00e9compens\u00e9e en mati\u00e8re de performance, de confort et d\u2019utilit\u00e9. Nous irons \u00e0 des niveaux sup\u00e9rieurs qui communiqueront immanquablement qu\u2019il s\u2019agit d\u2019une camionnette avec le flair unique \u00e0 Honda,\u00a0\u00bb a expliqu\u00e9 la compagnie dans un communiqu\u00e9.<\/p>\n<p>Il faudra faire preuve de patience, mais la nouvelle est de taille: le Honda Ridgeline sera officiellement de retour chez Honda!<\/p>\n","protected":false},"excerpt":{"rendered":"<p>C&rsquo;est au Salon de l&rsquo;auto de Chicago, au cours des derniers jours, que la compagnie Honda a lanc\u00e9 un petit clin d&rsquo;\u0153il aux mordus de camionnettes en d\u00e9voilant, le temps de quelques secondes, une esquisse de ce qui pourrait \u00eatre le nouveau Honda Ridgeline.<\/p>\n","protected":false},"author":5,"featured_media":3853,"comment_status":"open","ping_status":"open","sticky":false,"template":"","format":"standard","meta":{"footnotes":""},"categories":[5],"tags":[229,308,231],"class_list":["post-3852","post","type-post","status-publish","format-standard","has-post-thumbnail","hentry","category-actualites","tag-honda","tag-honda-ridgeline","tag-nouveaux-modeles-honda"],"_links":{"self":[{"href":"https:\/\/www.albilegeant.com\/articles\/wp-json\/wp\/v2\/posts\/3852","targetHints":{"allow":["GET"]}}],"collection":[{"href":"https:\/\/www.albilegeant.com\/articles\/wp-json\/wp\/v2\/posts"}],"about":[{"href":"https:\/\/www.albilegeant.com\/articles\/wp-json\/wp\/v2\/types\/post"}],"author":[{"embeddable":true,"href":"https:\/\/www.albilegeant.com\/articles\/wp-json\/wp\/v2\/users\/5"}],"replies":[{"embeddable":true,"href":"https:\/\/www.albilegeant.com\/articles\/wp-json\/wp\/v2\/comments?post=3852"}],"version-history":[{"count":5,"href":"https:\/\/www.albilegeant.com\/articles\/wp-json\/wp\/v2\/posts\/3852\/revisions"}],"predecessor-version":[{"id":12384,"href":"https:\/\/www.albilegeant.com\/articles\/wp-json\/wp\/v2\/posts\/3852\/revisions\/12384"}],"wp:featuredmedia":[{"embeddable":true,"href":"https:\/\/www.albilegeant.com\/articles\/wp-json\/wp\/v2\/media\/3853"}],"wp:attachment":[{"href":"https:\/\/www.albilegeant.com\/articles\/wp-json\/wp\/v2\/media?parent=3852"}],"wp:term":[{"taxonomy":"category","embeddable":true,"href":"https:\/\/www.albilegeant.com\/articles\/wp-json\/wp\/v2\/categories?post=3852"},{"taxonomy":"post_tag","embeddable":true,"href":"https:\/\/www.albilegeant.com\/articles\/wp-json\/wp\/v2\/tags?post=3852"}],"curies":[{"name":"wp","href":"https:\/\/api.w.org\/{rel}","templated":true}]}}