{"id":3881,"date":"2015-02-19T11:51:01","date_gmt":"2015-02-19T16:51:01","guid":{"rendered":"http:\/\/www.albilegeant.com\/articles\/?p=3881"},"modified":"2018-10-30T10:50:01","modified_gmt":"2018-10-30T14:50:01","slug":"ouverture-officielle-albi-kia-sorel-tracy","status":"publish","type":"post","link":"https:\/\/www.albilegeant.com\/articles\/medias\/ouverture-officielle-albi-kia-sorel-tracy\/","title":{"rendered":"Ouverture officielle d\u2019ALBI Kia Sorel-Tracy"},"content":{"rendered":"<p>Sorel-Tracy, Qu\u00e9bec &#8211; 19 f\u00e9vrier 2015 &#8211;\u00a0 C\u2019est le mercredi 18 f\u00e9vrier qu\u2019a eu lieu l\u2019ouverture officielle d\u2019ALBI Kia Sorel-Tracy, un \u00e9v\u00e9nement qui a attir\u00e9 plus de 100 personnes. Fond\u00e9e le 9 septembre 2008, la concession est \u00e0 pr\u00e9sent une propri\u00e9t\u00e9 d\u2019ALBI le G\u00e9ant, chef de file de l\u2019industrie automobile au Qu\u00e9bec, et ce, depuis le 15 d\u00e9cembre 2014, date \u00e0 laquelle la transaction a \u00e9t\u00e9 conclue. ALBI le G\u00e9ant \u00a0a investi plus de 2 millions de dollars pour l\u2019achat et la r\u00e9novation de la concession. Les modifications apport\u00e9es au b\u00e2timent ont permis d\u2019offrir un environnement plus moderne, mais aussi plus fonctionnel et convivial, \u00e0 sa client\u00e8le de la r\u00e9gion.<\/p>\n<p><!--more--><\/p>\n<p>\u00ab\u00a0Nous sommes ravis de cette acquisition qui confirme notre position enviable dans la r\u00e9gion de Sorel-Tracy et qui nous permet de participer au d\u00e9veloppement \u00e9conomique local. Les consommateurs de la r\u00e9gion nous ont r\u00e9serv\u00e9 un accueil des plus chaleureux et je peux garantir que nous ne m\u00e9nagerons aucun effort pour offrir chez ALBI Kia Sorel-Tracy le m\u00eame service de premi\u00e8re qualit\u00e9 qui d\u00e9finit l\u2019exp\u00e9rience ALBI, un service bas\u00e9 sur notre philosophie qui est de traiter nos clients comme nous souhaitons \u00eatre trait\u00e9s : avec transparence, respect et professionnalisme \u00bb, \u00a0a d\u00e9clar\u00e9 Denis Leclerc, le pr\u00e9sident d\u2019ALBI le G\u00e9ant.<\/p>\n<p>La concession, qui compte six employ\u00e9s \u00e0 temps complet, a connu un d\u00e9but d\u2019ann\u00e9e impressionnant, ses ventes de v\u00e9hicules ayant \u00e9t\u00e9 deux fois plus \u00e9lev\u00e9es en janvier 2015 qu\u2019\u00e0 la m\u00eame p\u00e9riode l\u2019an dernier. C\u2019est la deuxi\u00e8me concession que poss\u00e8de ALBI le G\u00e9ant dans la r\u00e9gion, l\u2019acquisition d\u2019Hyundai Sorel-Tracy ayant \u00e9t\u00e9 conclue en ao\u00fbt 2014.<\/p>\n","protected":false},"excerpt":{"rendered":"<p>Sorel-Tracy, Qu\u00e9bec &#8211; 19 f\u00e9vrier 2015 &#8211;\u00a0 C\u2019est le mercredi 18 f\u00e9vrier qu\u2019a eu lieu l\u2019ouverture officielle d\u2019ALBI Kia Sorel-Tracy, un \u00e9v\u00e9nement qui a attir\u00e9 plus de 100 personnes. Fond\u00e9e le 9 septembre 2008, la concession est \u00e0 pr\u00e9sent une propri\u00e9t\u00e9 d\u2019ALBI le G\u00e9ant, chef de file de l\u2019industrie automobile au Qu\u00e9bec, et ce, depuis [&hellip;]<\/p>\n","protected":false},"author":5,"featured_media":3883,"comment_status":"open","ping_status":"open","sticky":false,"template":"","format":"standard","meta":{"footnotes":""},"categories":[276],"tags":[326],"class_list":["post-3881","post","type-post","status-publish","format-standard","has-post-thumbnail","hentry","category-medias","tag-albi-kia-sorel-tracy"],"_links":{"self":[{"href":"https:\/\/www.albilegeant.com\/articles\/wp-json\/wp\/v2\/posts\/3881","targetHints":{"allow":["GET"]}}],"collection":[{"href":"https:\/\/www.albilegeant.com\/articles\/wp-json\/wp\/v2\/posts"}],"about":[{"href":"https:\/\/www.albilegeant.com\/articles\/wp-json\/wp\/v2\/types\/post"}],"author":[{"embeddable":true,"href":"https:\/\/www.albilegeant.com\/articles\/wp-json\/wp\/v2\/users\/5"}],"replies":[{"embeddable":true,"href":"https:\/\/www.albilegeant.com\/articles\/wp-json\/wp\/v2\/comments?post=3881"}],"version-history":[{"count":4,"href":"https:\/\/www.albilegeant.com\/articles\/wp-json\/wp\/v2\/posts\/3881\/revisions"}],"predecessor-version":[{"id":11159,"href":"https:\/\/www.albilegeant.com\/articles\/wp-json\/wp\/v2\/posts\/3881\/revisions\/11159"}],"wp:featuredmedia":[{"embeddable":true,"href":"https:\/\/www.albilegeant.com\/articles\/wp-json\/wp\/v2\/media\/3883"}],"wp:attachment":[{"href":"https:\/\/www.albilegeant.com\/articles\/wp-json\/wp\/v2\/media?parent=3881"}],"wp:term":[{"taxonomy":"category","embeddable":true,"href":"https:\/\/www.albilegeant.com\/articles\/wp-json\/wp\/v2\/categories?post=3881"},{"taxonomy":"post_tag","embeddable":true,"href":"https:\/\/www.albilegeant.com\/articles\/wp-json\/wp\/v2\/tags?post=3881"}],"curies":[{"name":"wp","href":"https:\/\/api.w.org\/{rel}","templated":true}]}}