{"id":3969,"date":"2015-03-06T11:35:39","date_gmt":"2015-03-06T16:35:39","guid":{"rendered":"http:\/\/www.albilegeant.com\/articles\/?p=3969"},"modified":"2015-03-06T11:35:39","modified_gmt":"2015-03-06T16:35:39","slug":"voiture-electrique-apple","status":"publish","type":"post","link":"https:\/\/www.albilegeant.com\/articles\/blogue\/voiture-electrique-apple\/","title":{"rendered":"Une voiture \u00e9lectrique Apple?"},"content":{"rendered":"<p>On rapporte un peu partout sur la plan\u00e8te Internet qu&rsquo;Apple engage en masse ces temps-ci. L&rsquo;objectif pour le g\u00e9ant de la technologie serait, car tout est hypoth\u00e8se \u00e0 ce stade, de mettre en vente un v\u00e9hicule \u00e9lectrique Apple, peut-\u00eatre m\u00eame autonome, d&rsquo;ici 2020.<\/p>\n<p><!--more--><\/p>\n<p>Au si\u00e8ge social d&rsquo;Apple, bas\u00e9 en Californie, on aurait engag\u00e9 <strong>une \u00e9quipe d&rsquo;experts cl\u00e9s en mati\u00e8re de construction automobile<\/strong>. La source de cette nouvelle, <strong>9to5Mac<\/strong>, rapporte qu&rsquo;au moins <strong>18 de ces experts<\/strong> sont d\u00e9sormais employ\u00e9s pour travailler sur cette hypoth\u00e9tique voiture \u00e9lectrique Apple.<\/p>\n<p>Toujours selon cette source, un ancien ex\u00e9cutif de chez<strong> Ford, Steve Zadesky<\/strong> et un ancien chef ex\u00e9cutif de chez <strong>Mercedes<\/strong>, seraient tout deux \u00e0 la t\u00eate de cette nouvelle \u00e9quipe. La plupart des recrues d&rsquo;Apple auraient fait leurs armes chez <strong>Ford et Tesla<\/strong>.<\/p>\n<h2>Voiture \u00e9lectrique Apple\u00a0en 2020?<\/h2>\n<p>Une autre source, Bloomberg, affirme que le g\u00e9ant am\u00e9ricain de l&rsquo;informatique souhaite tent\u00e9 sa chance dans le march\u00e9 des voitures \u00e9lectriques, un segment en voie de prendre de l&rsquo;essor au cours des prochaines ann\u00e9es. Les nouvelles lois et les mesures prises dans plusieurs villes, voir certains pays de la plan\u00e8te, auront cet impact in\u00e9vitable sur le march\u00e9 automobile.<\/p>\n<p>Apple, qui n&rsquo;a \u00e9mit aucun commentaire au sujet de ces rumeurs, viserait <strong>l&rsquo;ann\u00e9e 2020<\/strong> pour mettre en vente un v\u00e9hicule \u00e9lectrique. Du c\u00f4t\u00e9 du Wall Street Journal, on parle m\u00eame d&rsquo;une <strong>minivan autonome<\/strong> sur laquelle travaillerait aussi Apple, dont <strong>le nom de code serait \u00ab\u00a0Titan\u00a0\u00bb<\/strong>.<\/p>\n<p>On aurait rep\u00e9r\u00e9 une telle minivan, \u00e9quip\u00e9e de cam\u00e9ras et de capteurs similaire \u00e0 ce qu&rsquo;utilise Google pour effectuer la cartographie des villes, dans les rues de New York et de San Francisco au cours de la derni\u00e8re ann\u00e9e.<\/p>\n<p>Le march\u00e9 de la voiture \u00e9lectrique en est encore aux premiers balbutiements, un peu \u00e0 l&rsquo;instar des t\u00e9l\u00e9phones cellulaires lorsque ces derniers \u00e9taient en voie de devenir des t\u00e9l\u00e9phones intelligents.<\/p>\n<p>Si la voiture \u00e9lectrique Apple devait voir le jour, les travailleurs am\u00e9ricains peuvent s&rsquo;attendre \u00e0 des investissements majeurs de la part du g\u00e9ant Am\u00e9ricain.<\/p>\n<p>Une histoire \u00e0 suivre avec nous sur le <a title=\"ALBI le G\u00e9ant - Bienvenue chez nous - Au plaisir de vous rencontrer!\" href=\"http:\/\/www.albilegeant.com\/articles\/\" target=\"_blank\">blogue ALBI<\/a> ! Mais ne retenez pas votre souffle; apr\u00e8s tout, il ne s&rsquo;agit que d&rsquo;une rumeur&#8230;<\/p>\n<p>&nbsp;<\/p>\n<h5>Source: Samuel Gibbs pour The Guardian, Edmunds<\/h5>\n","protected":false},"excerpt":{"rendered":"<p>On rapporte un peu partout sur la plan\u00e8te Internet qu&rsquo;Apple engage en masse ces temps-ci. L&rsquo;objectif pour le g\u00e9ant de la technologie serait, car tout est hypoth\u00e8se \u00e0 ce stade, de mettre en vente un v\u00e9hicule \u00e9lectrique Apple, peut-\u00eatre m\u00eame autonome, d&rsquo;ici 2020.<\/p>\n","protected":false},"author":5,"featured_media":3973,"comment_status":"open","ping_status":"open","sticky":false,"template":"","format":"standard","meta":{"footnotes":""},"categories":[6],"tags":[342,107,260],"class_list":["post-3969","post","type-post","status-publish","format-standard","has-post-thumbnail","hentry","category-blogue","tag-apple","tag-humeur","tag-voiture-electrique"],"_links":{"self":[{"href":"https:\/\/www.albilegeant.com\/articles\/wp-json\/wp\/v2\/posts\/3969","targetHints":{"allow":["GET"]}}],"collection":[{"href":"https:\/\/www.albilegeant.com\/articles\/wp-json\/wp\/v2\/posts"}],"about":[{"href":"https:\/\/www.albilegeant.com\/articles\/wp-json\/wp\/v2\/types\/post"}],"author":[{"embeddable":true,"href":"https:\/\/www.albilegeant.com\/articles\/wp-json\/wp\/v2\/users\/5"}],"replies":[{"embeddable":true,"href":"https:\/\/www.albilegeant.com\/articles\/wp-json\/wp\/v2\/comments?post=3969"}],"version-history":[{"count":9,"href":"https:\/\/www.albilegeant.com\/articles\/wp-json\/wp\/v2\/posts\/3969\/revisions"}],"predecessor-version":[{"id":4146,"href":"https:\/\/www.albilegeant.com\/articles\/wp-json\/wp\/v2\/posts\/3969\/revisions\/4146"}],"wp:featuredmedia":[{"embeddable":true,"href":"https:\/\/www.albilegeant.com\/articles\/wp-json\/wp\/v2\/media\/3973"}],"wp:attachment":[{"href":"https:\/\/www.albilegeant.com\/articles\/wp-json\/wp\/v2\/media?parent=3969"}],"wp:term":[{"taxonomy":"category","embeddable":true,"href":"https:\/\/www.albilegeant.com\/articles\/wp-json\/wp\/v2\/categories?post=3969"},{"taxonomy":"post_tag","embeddable":true,"href":"https:\/\/www.albilegeant.com\/articles\/wp-json\/wp\/v2\/tags?post=3969"}],"curies":[{"name":"wp","href":"https:\/\/api.w.org\/{rel}","templated":true}]}}