{"id":4372,"date":"2015-03-27T09:56:04","date_gmt":"2015-03-27T13:56:04","guid":{"rendered":"http:\/\/www.albilegeant.com\/articles\/?p=4372"},"modified":"2020-09-24T16:48:51","modified_gmt":"2020-09-24T20:48:51","slug":"nouvelle-kia-optima-en-avance","status":"publish","type":"post","link":"https:\/\/www.albilegeant.com\/articles\/actualites\/nouvelle-kia-optima-en-avance\/","title":{"rendered":"La nouvelle Kia Optima en avance"},"content":{"rendered":"<p>On dirait presque que le constructeur cor\u00e9en Kia \u00e9tait trop impatient de partager sa r\u00e9ussite. Moins de cinq jours avant le d\u00e9but du salon de l&rsquo;auto de New-York, o\u00f9 sera d\u00e9voil\u00e9e officiellement la nouvelle Kia Optima, le constructeur a, en effet, rendu publique la premi\u00e8re photo officielle du v\u00e9hicule.<\/p>\n<p><!--more--><\/p>\n<p>Il faut bien avouer que les changements propos\u00e9s ne sont pas radicaux. En y regardant d&rsquo;assez pr\u00e8s, on peut apercevoir <strong>une calandre renouvel\u00e9e<\/strong>, mais toujours tr\u00e8s li\u00e9e avec l&rsquo;allure que la famille Kia propose d\u00e9sormais sur tous ses v\u00e9hicules, cr\u00e9ation du designer Peter Schreyer.<\/p>\n<p>Ce n&rsquo;est cependant pas le seul changement: les pare-chocs prennent <strong>une nouvelle personnalit\u00e9<\/strong>, et<strong> les blocs optiques<\/strong> ont aussi \u00e9t\u00e9 retouch\u00e9s pour donner \u00e0 la voiture encore plus de pr\u00e9sence, une qualit\u00e9 qui distinguait d\u00e9j\u00e0 la <a title=\"Kia Optima\" href=\"https:\/\/www.albioccasion.com\/inventaire\/kia-optima\/?utm_source=blog&amp;utm_medium=referral&amp;utm_campaign=Blog_ALBI\" target=\"_blank\" rel=\"noopener noreferrer\">Kia Optima<\/a> de ses rivales.<\/p>\n<p>On ignore pour le moment quelles composantes m\u00e9caniques seront retenues pour la nouvelle g\u00e9n\u00e9ration de la Kia Optima. On peut soup\u00e7onner qu&rsquo;elle partagera les motorisations retenues pour sa s\u0153ur Hyundai, la<a title=\"Hyundai Sonata\" href=\"http:\/\/www.albihyundai.com\/sonata\/\" target=\"_blank\" rel=\"noopener noreferrer\"> Sonata<\/a>, qui propose notamment <strong>une version turbo<\/strong>, <strong>une version hybride<\/strong> et un mod\u00e8le d&rsquo;entr\u00e9e de gamme avec <strong>un moteur quatre cylindres<\/strong>.<\/p>\n<p>Kia a aussi dans sa mire une version enfichable de la nouvelle Kia Optima, et peut-\u00eatre une version familiale (<a title=\"Kia Optima Familiale\" href=\"http:\/\/www.albilegeant.com\/articles\/actualites\/kia-optima-familiale-kia-sportspace\/\" target=\"_blank\" rel=\"noopener noreferrer\">rappelez-vous qu&rsquo;on vous l&rsquo;a d\u00e9j\u00e0 pr\u00e9sent\u00e9e<\/a>), mais aucune confirmation n&rsquo;a \u00e9t\u00e9 faite par les dirigeants du constructeur.<\/p>\n<p>Petit d\u00e9tail, cette nouvelle Kia Optima sera <strong>la seconde g\u00e9n\u00e9ration du mod\u00e8le<\/strong> disponible chez nous, mais la quatri\u00e8me \u00e0 porter l&rsquo;enseigne Optima ailleurs au monde. Les plus \u00e2g\u00e9s se rappelleront de la Kia Magentis, version nord-am\u00e9ricaine de la berline.<\/p>\n<p>La pr\u00e9sente g\u00e9n\u00e9ration de Kia Optima a connu un grand succ\u00e8s au cours des derni\u00e8res ann\u00e9es, mais a enregistr\u00e9 une forte baisse de popularit\u00e9 en 2014. L&rsquo;arriv\u00e9e d&rsquo;une nouvelle g\u00e9n\u00e9ration en 2016, plus moderne, devrait lui permettre de retrouver sa place de choix parmi les berlines interm\u00e9diaires les plus populaires.<\/p>\n","protected":false},"excerpt":{"rendered":"<p>On dirait presque que le constructeur cor\u00e9en Kia \u00e9tait trop impatient de partager sa r\u00e9ussite. Moins de cinq jours avant le d\u00e9but du salon de l&rsquo;auto de New-York, o\u00f9 sera d\u00e9voil\u00e9e officiellement la nouvelle Kia Optima, le constructeur a, en effet, rendu publique la premi\u00e8re photo officielle du v\u00e9hicule.<\/p>\n","protected":false},"author":5,"featured_media":4373,"comment_status":"open","ping_status":"open","sticky":false,"template":"","format":"standard","meta":{"footnotes":""},"categories":[5],"tags":[51,319,53],"class_list":["post-4372","post","type-post","status-publish","format-standard","has-post-thumbnail","hentry","category-actualites","tag-kia","tag-kia-optima","tag-nouveaux-modeles-kia"],"_links":{"self":[{"href":"https:\/\/www.albilegeant.com\/articles\/wp-json\/wp\/v2\/posts\/4372","targetHints":{"allow":["GET"]}}],"collection":[{"href":"https:\/\/www.albilegeant.com\/articles\/wp-json\/wp\/v2\/posts"}],"about":[{"href":"https:\/\/www.albilegeant.com\/articles\/wp-json\/wp\/v2\/types\/post"}],"author":[{"embeddable":true,"href":"https:\/\/www.albilegeant.com\/articles\/wp-json\/wp\/v2\/users\/5"}],"replies":[{"embeddable":true,"href":"https:\/\/www.albilegeant.com\/articles\/wp-json\/wp\/v2\/comments?post=4372"}],"version-history":[{"count":7,"href":"https:\/\/www.albilegeant.com\/articles\/wp-json\/wp\/v2\/posts\/4372\/revisions"}],"predecessor-version":[{"id":14214,"href":"https:\/\/www.albilegeant.com\/articles\/wp-json\/wp\/v2\/posts\/4372\/revisions\/14214"}],"wp:featuredmedia":[{"embeddable":true,"href":"https:\/\/www.albilegeant.com\/articles\/wp-json\/wp\/v2\/media\/4373"}],"wp:attachment":[{"href":"https:\/\/www.albilegeant.com\/articles\/wp-json\/wp\/v2\/media?parent=4372"}],"wp:term":[{"taxonomy":"category","embeddable":true,"href":"https:\/\/www.albilegeant.com\/articles\/wp-json\/wp\/v2\/categories?post=4372"},{"taxonomy":"post_tag","embeddable":true,"href":"https:\/\/www.albilegeant.com\/articles\/wp-json\/wp\/v2\/tags?post=4372"}],"curies":[{"name":"wp","href":"https:\/\/api.w.org\/{rel}","templated":true}]}}