{"id":5237,"date":"2015-06-04T16:13:59","date_gmt":"2015-06-04T20:13:59","guid":{"rendered":"http:\/\/www.albilegeant.com\/articles\/?p=5237"},"modified":"2019-02-28T11:11:19","modified_gmt":"2019-02-28T16:11:19","slug":"on-celebre-la-course-automobile-a-montreal-en-juin","status":"publish","type":"post","link":"https:\/\/www.albilegeant.com\/articles\/actualites\/on-celebre-la-course-automobile-a-montreal-en-juin\/","title":{"rendered":"On c\u00e9l\u00e8bre la course automobile \u00e0 Montr\u00e9al en juin!"},"content":{"rendered":"<p>La coupe Nissan Micra se tiendra cette fin de semaine au circuit Gilles-Villeneuve de Montr\u00e9al, qui accueillera en outre d&rsquo;autres courses automobiles de grande envergure.<\/p>\n<p>Pour ne rien manquer des festivit\u00e9s entourant cette grande f\u00eate de l&rsquo;auto, nous vous parlons des \u00e9v\u00e8nements \u00e0 ne pas manquer dans la ville de Montr\u00e9al.<\/p>\n<p>On en profite aussi pour vous glisser un mot sur une excellente nouvelle pour l&rsquo;\u00e9quipe ALBI le G\u00e9ant!<\/p>\n<p><!--more--><!--more--><\/p>\n<h2>Un nouveau pilote se joint \u00e0 la Coupe Nissan Micra<\/h2>\n<p>Le deuxi\u00e8me rendez-vous de la<a title=\"Coupe Nissan Micra\" href=\"http:\/\/www.albinissan.com\/fr\/?utm_source=blog&amp;utm_medium=referral&amp;utm_campaign=Blog_ALBI\" target=\"_blank\"> Coupe Nissan Micra <\/a>marquera l&rsquo;entr\u00e9e en piste <strong>du pilote v\u00e9t\u00e9ran Richard Sp\u00e9nard<\/strong>. Le pilote, ancien co\u00e9quipier du c\u00e9l\u00e8bre Gilles Villeneuve, est reconnu dans le monde de la course automobile comme <strong>un entraineur de haut calibre<\/strong> et<strong> un champion de plusieurs titres d&rsquo;importances<\/strong>. Le pilote canadien poss\u00e8de un palmar\u00e8s parmi les plus exceptionnels au pays.<\/p>\n<p>Le plus beau dans cette nouvelle, c&rsquo;est que <strong>ce pilote d&rsquo;envergure internationale fait partie de l&rsquo;\u00e9quipe ALBI le G\u00e9ant<\/strong>! Il se battra aux c\u00f4t\u00e9s de <strong>Claude Leclerc, d&rsquo;Olivier Pelletier et de Marc-Antoine Demers<\/strong>. Nous sommes assur\u00e9s que la longue exp\u00e9rience de Richard Sp\u00e9nard sera une inspiration pour tous les pilotes de l&rsquo;\u00e9quipe ALBI. Nous esp\u00e9rons que vous serez nombreux \u00e0 venir encourager l&rsquo;\u00e9quipe ALBI le G\u00e9ant et \u00e0 venir assister aux prouesses du pilote Richard Sp\u00e9nard<\/p>\n<p>Les essais ont lieu le vendredi et les qualifications le samedi. Dimanche, venez en grand nombre assister \u00e0 la course, qui promet d&rsquo;\u00eatre enlevante. <strong>Venez encourager l&rsquo;\u00e9quipe ALBI le G\u00e9ant le samedi de 16h30 \u00e0 17h00 et le dimanche de 10h00 \u00e0 11h00 sur le circuit Gilles-Villeneuve.<\/strong><\/p>\n<h2>Quoi faire pour c\u00e9l\u00e9brer la course automobile \u00e0 Montr\u00e9al?<\/h2>\n<p>Entre deux courses de la coupe Nissan Micra, voici quelques suggestions pour passer le temps dans la M\u00e9tropole cette fin de semaine:<\/p>\n<h2>Incontournable rue Crescent<\/h2>\n<p>Le Festival du Grand Prix bat son plein pendant un weekend sur la rue Crescent.<\/p>\n<p>Les mordus finis se donnent rendez-vous l\u00e0-bas pour mille et une raison. Certains profiteront de l&rsquo;opportunit\u00e9 pour voir de plus pr\u00e8s une F1 ainsi que des mod\u00e8les automobiles d&rsquo;exception. D&rsquo;autres auront la patience d&rsquo;attendre lors des s\u00e9ances d&rsquo;autographes donn\u00e9es par les pilotes.<\/p>\n<p>Pour tout le monde, il y aura des spectacles de musique, une comp\u00e9tition d&rsquo;arr\u00eat au puits avec des c\u00e9l\u00e9brit\u00e9s, des simulateurs de course, bref, de belles rencontres en perspective!<\/p>\n<h2>Vieux-Montr\u00e9al: Zone Foodie F1<\/h2>\n<p><a href=\"http:\/\/www.albilegeant.com\/articles\/wp-content\/uploads\/2015\/06\/SDC_V-M_Grand_Prix_Twitter_Cover_v1_a-940x313.jpg\"><img loading=\"lazy\" decoding=\"async\" class=\"aligncenter size-full wp-image-5275\" src=\"http:\/\/www.albilegeant.com\/articles\/wp-content\/uploads\/2015\/06\/SDC_V-M_Grand_Prix_Twitter_Cover_v1_a-940x313.jpg\" alt=\"SDC_V-M_Grand_Prix_Twitter_Cover_v1_a-940x313\" width=\"940\" height=\"313\" srcset=\"https:\/\/www.albilegeant.com\/articles\/wp-content\/uploads\/2015\/06\/SDC_V-M_Grand_Prix_Twitter_Cover_v1_a-940x313.jpg 940w, https:\/\/www.albilegeant.com\/articles\/wp-content\/uploads\/2015\/06\/SDC_V-M_Grand_Prix_Twitter_Cover_v1_a-940x313-300x99.jpg 300w, https:\/\/www.albilegeant.com\/articles\/wp-content\/uploads\/2015\/06\/SDC_V-M_Grand_Prix_Twitter_Cover_v1_a-940x313-624x207.jpg 624w\" sizes=\"auto, (max-width: 940px) 100vw, 940px\" \/><\/a><\/p>\n<p>Pour l&rsquo;occasion, on transforme la rue Saint-Paul d\u2019Est en Ouest!\u00a0Du 4 au 7 juin, de 11h00 \u00e0 23h00, la Zone Foodie vous accueille. Ce qui y fait? On y brunch, lunch, trinque, soupe et picole avec gourmandise!<\/p>\n<p>Exclusivement pour cette fin de semaine, les restaurants de l&rsquo;Ouest installerons des terrasses tandis que les restaurants de l\u2019Est\u00a0porteront les couleurs de la grande f\u00eate de l&rsquo;auto.<\/p>\n<p>Attendez-vous \u00e0 trouver une diversit\u00e9 incroyable: du BBQ \u00e0\u00a0 l&rsquo;art de rue en passant par des DJs et des cocktails sp\u00e9ciaux F1, tout y est en plus des menus sp\u00e9ciaux et des forfaits jet set sympathique!<\/p>\n<p>Et si vous passez par le March\u00e9 Bonsecours, ne manquer les 5 voitures de collectionneurs priv\u00e9s qui seront expos\u00e9s sur le parvis.<\/p>\n<h2>La rue Peel<\/h2>\n<p><a href=\"http:\/\/www.albilegeant.com\/articles\/wp-content\/uploads\/2015\/06\/Formule_Peel-Logo-intro-75.jpg\"><img loading=\"lazy\" decoding=\"async\" class=\"aligncenter size-full wp-image-5282\" src=\"http:\/\/www.albilegeant.com\/articles\/wp-content\/uploads\/2015\/06\/Formule_Peel-Logo-intro-75.jpg\" alt=\"Formule_Peel-Logo-intro-75\" width=\"720\" height=\"275\" srcset=\"https:\/\/www.albilegeant.com\/articles\/wp-content\/uploads\/2015\/06\/Formule_Peel-Logo-intro-75.jpg 720w, https:\/\/www.albilegeant.com\/articles\/wp-content\/uploads\/2015\/06\/Formule_Peel-Logo-intro-75-300x114.jpg 300w, https:\/\/www.albilegeant.com\/articles\/wp-content\/uploads\/2015\/06\/Formule_Peel-Logo-intro-75-624x238.jpg 624w\" sizes=\"auto, (max-width: 720px) 100vw, 720px\" \/><\/a><\/p>\n<p>Comme \u00e0 chaque ann\u00e9e, les commer\u00e7ants de la rue Peel s&rsquo;unissent pour organiser un \u00e9v\u00e8nement d&rsquo;importance au c\u0153ur du centre-ville de Montr\u00e9al: l\u2019\u00e9v\u00e8nement Formule Peel.<\/p>\n<p>Entre les clubs chics, les restaurants r\u00e9put\u00e9s et les boutiques tendances, la rue Peel a de quoi cr\u00e9er un rendez-vous \u00e0 ne pas manquer pour les amateurs de voiture et de glamour!<\/p>\n<p>Dans une ambiance raffin\u00e9e, voitures de luxe, mode, musique et gastronomie forment une superbe combinaison!<\/p>\n<p>Sur le site de l&rsquo;\u00e9v\u00e8nement, on apprend que pr\u00e8s de 350 000 personnes se r\u00e9unissent sur la rue Peel pendant la fin de semaine du Grand Prix de Montr\u00e9al.<\/p>\n<h2>La Petite Italie<\/h2>\n<p>Sans aucun doute, mon rendez-vous F1 pr\u00e9f\u00e9r\u00e9 en ville!<\/p>\n<p>On ferme la \u00ab\u00a0Main\u00a0\u00bb du 5 au 7 juin et on f\u00eate. La musique italienne succ\u00e8de aux grands succ\u00e8s pop du moment, les familles butinnent entre le parc o\u00f9 une sc\u00e8ne musicale est install\u00e9e, les activit\u00e9s d&rsquo;animation pr\u00e9vue pour les enfants et les terrasses ensoleill\u00e9es.<\/p>\n<p>C&rsquo;est vrai grand plaisir de profiter de l&rsquo;occasion pour faire des d\u00e9couvertes culinaires, voir de superbes voitures et fl\u00e2ner dans les boutiques charmantes. Durant cette fin de semaine, les terrasses des caf\u00e9s et des restaurants attendent les &lsquo;tifosi&rsquo; en grand nombre pour vivre de beaux moments sportifs et ou juste pour vivre la <em>dolce vita<\/em> \u00e0 l&rsquo;italienne.<\/p>\n<p>&nbsp;<\/p>\n<p>Nous esp\u00e9rons que vous aurez trouver de quoi vous occuper entre les prestations des pilotes sur le circuit Gilles-Villeneuve! <strong>Participerez-vous aux festivit\u00e9s de la Coupe Nissan Micra avec nous?<\/strong><\/p>\n<p>&nbsp;<\/p>\n","protected":false},"excerpt":{"rendered":"<p>La coupe Nissan Micra se tiendra cette fin de semaine au circuit Gilles-Villeneuve de Montr\u00e9al, qui accueillera en outre d&rsquo;autres courses automobiles de grande envergure. Pour ne rien manquer des festivit\u00e9s entourant cette grande f\u00eate de l&rsquo;auto, nous vous parlons des \u00e9v\u00e8nements \u00e0 ne pas manquer dans la ville de Montr\u00e9al. On en profite aussi [&hellip;]<\/p>\n","protected":false},"author":5,"featured_media":5280,"comment_status":"open","ping_status":"open","sticky":false,"template":"","format":"standard","meta":{"footnotes":""},"categories":[5],"tags":[402,208,403,114,401,406],"class_list":["post-5237","post","type-post","status-publish","format-standard","has-post-thumbnail","hentry","category-actualites","tag-claude-leclerc","tag-coupe-nissan-micra","tag-marc-antoine-demers","tag-nissan-micra","tag-olivier-pelletier","tag-richard-spenard"],"_links":{"self":[{"href":"https:\/\/www.albilegeant.com\/articles\/wp-json\/wp\/v2\/posts\/5237","targetHints":{"allow":["GET"]}}],"collection":[{"href":"https:\/\/www.albilegeant.com\/articles\/wp-json\/wp\/v2\/posts"}],"about":[{"href":"https:\/\/www.albilegeant.com\/articles\/wp-json\/wp\/v2\/types\/post"}],"author":[{"embeddable":true,"href":"https:\/\/www.albilegeant.com\/articles\/wp-json\/wp\/v2\/users\/5"}],"replies":[{"embeddable":true,"href":"https:\/\/www.albilegeant.com\/articles\/wp-json\/wp\/v2\/comments?post=5237"}],"version-history":[{"count":11,"href":"https:\/\/www.albilegeant.com\/articles\/wp-json\/wp\/v2\/posts\/5237\/revisions"}],"predecessor-version":[{"id":11903,"href":"https:\/\/www.albilegeant.com\/articles\/wp-json\/wp\/v2\/posts\/5237\/revisions\/11903"}],"wp:featuredmedia":[{"embeddable":true,"href":"https:\/\/www.albilegeant.com\/articles\/wp-json\/wp\/v2\/media\/5280"}],"wp:attachment":[{"href":"https:\/\/www.albilegeant.com\/articles\/wp-json\/wp\/v2\/media?parent=5237"}],"wp:term":[{"taxonomy":"category","embeddable":true,"href":"https:\/\/www.albilegeant.com\/articles\/wp-json\/wp\/v2\/categories?post=5237"},{"taxonomy":"post_tag","embeddable":true,"href":"https:\/\/www.albilegeant.com\/articles\/wp-json\/wp\/v2\/tags?post=5237"}],"curies":[{"name":"wp","href":"https:\/\/api.w.org\/{rel}","templated":true}]}}