{"id":5295,"date":"2015-06-03T11:15:36","date_gmt":"2015-06-03T15:15:36","guid":{"rendered":"http:\/\/www.albilegeant.com\/articles\/?p=5295"},"modified":"2020-09-24T16:32:15","modified_gmt":"2020-09-24T20:32:15","slug":"mazda-mx-5-2016-enfin","status":"publish","type":"post","link":"https:\/\/www.albilegeant.com\/articles\/actualites\/mazda-mx-5-2016-enfin\/","title":{"rendered":"La Mazda MX-5 2016, enfin!"},"content":{"rendered":"<p>L\u2019attente n\u2019est pas tout \u00e0 fait termin\u00e9e puisque ce n\u2019est qu\u2019en juillet prochain que les consommateurs pourront se presser dans l\u2019une des trois concessions ALBI Mazda pour voir et essayer le nouveau petit cabriolet Mazda MX-5 2016. Les journalistes automobiles, eux, ont eu l\u2019occasion de la tester au cours des derniers jours sur les routes de la Californie, et la petite voiture semble faire l\u2019unanimit\u00e9\u00a0: elle est rien de moins que spectaculaire.<\/p>\n<p><!--more--><\/p>\n<p>Il faut dire que le changement effectu\u00e9 est majeur. La voiture, qui en est \u00e0 sa <strong>4e g\u00e9n\u00e9ration<\/strong>, a \u00e9t\u00e9 totalement repens\u00e9e et remani\u00e9e. Son style, beaucoup plus moderne, s\u2019inspire de la philosophie de <strong>design KODO<\/strong> qui a aussi donn\u00e9 naissance aux nouvelles silhouettes du <a title=\"Mazda CX-5\" href=\"http:\/\/www.albimazda.com\/fr\/vehicules-neufs\/mazda\/cx-5\" target=\"_blank\" rel=\"noopener noreferrer\">Mazda CX-5<\/a>, de la <a title=\"Mazda3\" href=\"http:\/\/www.albimazdalaval.com\/fr\/vehicules-neufs\/mazda\/mazda3\" target=\"_blank\" rel=\"noopener noreferrer\">Mazda3<\/a> et de la <a title=\"Mazda6\" href=\"https:\/\/www.albioccasion.com\/inventaire\/mazda-mazda6\/?utm_source=blog&amp;utm_medium=referral&amp;utm_campaign=Blog_ALBI\" target=\"_blank\" rel=\"noopener noreferrer\">Mazda6<\/a>.<\/p>\n<p>On a quand m\u00eame gard\u00e9 un petit aspect nostalgique alors que la nouvelle Mazda MX-5 2016 affiche des<strong> blocs optiques \u00e0 l\u2019allure \u00e0 demi ferm\u00e9e<\/strong>, rappelant les phares escamotables des premi\u00e8res g\u00e9n\u00e9rations du cabriolet.<\/p>\n<p>La nouvelle mouture a perdu beaucoup de poids (environ 150 livres), et a perdu quelques millim\u00e8tres en longueur et en hauteur. Malgr\u00e9 tout, gr\u00e2ce \u00e0 un design et \u00e0 une ing\u00e9nierie particuli\u00e8re, elle offre plus d\u2019espace dans l\u2019habitacle. Il faut dire que l\u2019empattement s\u2019est un peu allong\u00e9, les roues se situant plus loin devant et derri\u00e8re pour diminuer le porte-\u00e0-faux. Le dossier des si\u00e8ges s\u2019est aussi aminci, ce qui ne les rend cependant pas moins confortables.<\/p>\n<p>Le m\u00e9canisme du toit de toile a \u00e9t\u00e9 all\u00e9g\u00e9 et am\u00e9lior\u00e9, se manipulant d\u00e9sormais d\u2019une seule main, avec <strong>50% moins d\u2019efforts<\/strong>.<\/p>\n<p>Sous le capot se retrouve<strong> le moteur Skyactiv 2,0 litres 4 cylindres<\/strong> partag\u00e9 avec d\u2019autres v\u00e9hicules, mais rendu lui aussi plus l\u00e9ger. L\u2019ensemble offre donc une acc\u00e9l\u00e9ration nerveuse, et une conduite ultra dynamique.\u00a0 Mais ne nous croyez pas sur parole. Allez plut\u00f4t lire ce que les sp\u00e9cialistes en pensent.<\/p>\n<p>Vous verrez que c\u2019est probablement la meilleure Mazda MX-5 Miata \u00e0 ce jour. Rien de moins!<\/p>\n<p>photo gracieuset\u00e9 de Marc Bouchard (twitter\u00a0: marc_bouchard)<\/p>\n","protected":false},"excerpt":{"rendered":"<p>L\u2019attente n\u2019est pas tout \u00e0 fait termin\u00e9e puisque ce n\u2019est qu\u2019en juillet prochain que les consommateurs pourront se presser dans l\u2019une des trois concessions ALBI Mazda pour voir et essayer le nouveau petit cabriolet Mazda MX-5 2016. Les journalistes automobiles, eux, ont eu l\u2019occasion de la tester au cours des derniers jours sur les routes [&hellip;]<\/p>\n","protected":false},"author":5,"featured_media":5296,"comment_status":"open","ping_status":"open","sticky":false,"template":"","format":"standard","meta":{"footnotes":""},"categories":[5],"tags":[8,100,109,75],"class_list":["post-5295","post","type-post","status-publish","format-standard","has-post-thumbnail","hentry","category-actualites","tag-mazda","tag-mazda-mx-5","tag-mazda-mx-5-2016","tag-nouveaux-modeles-mazda"],"_links":{"self":[{"href":"https:\/\/www.albilegeant.com\/articles\/wp-json\/wp\/v2\/posts\/5295","targetHints":{"allow":["GET"]}}],"collection":[{"href":"https:\/\/www.albilegeant.com\/articles\/wp-json\/wp\/v2\/posts"}],"about":[{"href":"https:\/\/www.albilegeant.com\/articles\/wp-json\/wp\/v2\/types\/post"}],"author":[{"embeddable":true,"href":"https:\/\/www.albilegeant.com\/articles\/wp-json\/wp\/v2\/users\/5"}],"replies":[{"embeddable":true,"href":"https:\/\/www.albilegeant.com\/articles\/wp-json\/wp\/v2\/comments?post=5295"}],"version-history":[{"count":4,"href":"https:\/\/www.albilegeant.com\/articles\/wp-json\/wp\/v2\/posts\/5295\/revisions"}],"predecessor-version":[{"id":14199,"href":"https:\/\/www.albilegeant.com\/articles\/wp-json\/wp\/v2\/posts\/5295\/revisions\/14199"}],"wp:featuredmedia":[{"embeddable":true,"href":"https:\/\/www.albilegeant.com\/articles\/wp-json\/wp\/v2\/media\/5296"}],"wp:attachment":[{"href":"https:\/\/www.albilegeant.com\/articles\/wp-json\/wp\/v2\/media?parent=5295"}],"wp:term":[{"taxonomy":"category","embeddable":true,"href":"https:\/\/www.albilegeant.com\/articles\/wp-json\/wp\/v2\/categories?post=5295"},{"taxonomy":"post_tag","embeddable":true,"href":"https:\/\/www.albilegeant.com\/articles\/wp-json\/wp\/v2\/tags?post=5295"}],"curies":[{"name":"wp","href":"https:\/\/api.w.org\/{rel}","templated":true}]}}