{"id":5318,"date":"2015-06-08T19:37:17","date_gmt":"2015-06-08T23:37:17","guid":{"rendered":"http:\/\/www.albilegeant.com\/articles\/?p=5318"},"modified":"2019-02-28T11:11:19","modified_gmt":"2019-02-28T16:11:19","slug":"victoire-historique-en-coupe-nissan-micra","status":"publish","type":"post","link":"https:\/\/www.albilegeant.com\/articles\/actualites\/victoire-historique-en-coupe-nissan-micra\/","title":{"rendered":"Victoire historique en Coupe Nissan Micra!"},"content":{"rendered":"<p>Sous le soleil, les pilotes de la Coupe Nissan Micra ont fait vivre \u00e0 un public conquis des \u00e9motions fortes au circuit Gilles-Villeneuve!<\/p>\n<p>Le pilote v\u00e9t\u00e9ran et instructeur renomm\u00e9 Richard Sp\u00e9nard, recrue d&rsquo;une fin de semaine pour l&rsquo;\u00e9quipe ALBI le G\u00e9ant, a \u00e9t\u00e9 \u00e0 la hauteur de sa r\u00e9putation, pour le grand plaisir des fans!<\/p>\n<p><!--more--><!--more--><\/p>\n<h2>Samedi : Lutte serr\u00e9e<\/h2>\n<p>Qualifi\u00e9 en pole position, le Qu\u00e9b\u00e9cois Olivier B\u00e9dard a pris les devants puis conserv\u00e9 son avance sur le duo compos\u00e9 de Tanasitnitikate et de Marc-Andr\u00e9 Bergeron, le hockeyeur bien connu. Ces deux-l\u00e0 ont maintenu la pression tout au long de la course l&rsquo;un sur l&rsquo;autre, de sorte qu&rsquo;ils ont crois\u00e9 la ligne d&rsquo;arriv\u00e9e \u00e0 quelques centi\u00e8mes de seconde d&rsquo;intervalle.<\/p>\n<p>Richard Sp\u00e9nard, apr\u00e8s s&rsquo;\u00eatre class\u00e9 en seconde position lors des essais libres sur le circuit Gilles-Villeneuve vendredi matin, s&rsquo;est qualifi\u00e9 en neuvi\u00e8me position le soir m\u00eame, malgr\u00e9 la pluie.<\/p>\n<p>Il a r\u00e9ussi \u00e0 atteindre la quatri\u00e8me position lors de la course de samedi, et ce au terme d&rsquo;une remont\u00e9e remarquable.<\/p>\n<h2>Dimanche: Victoire historique<\/h2>\n<p>La seconde \u00e9preuve de la Coupe Nissan Micra fut exceptionnelle \u00e0 bien des \u00e9gards.<\/p>\n<p>Le premier rang a \u00e9t\u00e9 chaudement disput\u00e9 entre Olivier B\u00e9dard et Stefan Rzadzinski. Finalement Rzadzinski l\u2019a emport\u00e9 moins de 4 secondes devant B\u00e9dard.<\/p>\n<p>Troisi\u00e8me sur le podium, la pilote Val\u00e9rie Chiasson a connu une victoire historique. La pilote, originaire de Mont St-Hilaire, est en effet devenue la premi\u00e8re femme \u00e0 terminer dans le <em>top 3 <\/em>d&rsquo;une s\u00e9rie canadienne.<\/p>\n<p>Aux commandes de leur Nissan Micra, Bikkani et Tanasitnitikate ont trim\u00e9 dur pour souffler la quatri\u00e8me position \u00e0 Sp\u00e9nard, ce qui n&rsquo;a pas manqu\u00e9 de soulever l&rsquo;enthousiasme de la foule. Sp\u00e9nard a finalement termin\u00e9 en 6e position.<\/p>\n<h2>De nombreux fans pour l&rsquo;\u00e9quipe ALBI le G\u00e9ant!<\/h2>\n<p><a href=\"http:\/\/www.albilegeant.com\/articles\/wp-content\/uploads\/2015\/06\/IMG_3577.jpg\"><img loading=\"lazy\" decoding=\"async\" class=\"aligncenter size-large wp-image-5326\" src=\"http:\/\/www.albilegeant.com\/articles\/wp-content\/uploads\/2015\/06\/IMG_3577-1024x767.jpg\" alt=\"IMG_3577\" width=\"625\" height=\"468\" srcset=\"https:\/\/www.albilegeant.com\/articles\/wp-content\/uploads\/2015\/06\/IMG_3577-1024x767.jpg 1024w, https:\/\/www.albilegeant.com\/articles\/wp-content\/uploads\/2015\/06\/IMG_3577-300x224.jpg 300w, https:\/\/www.albilegeant.com\/articles\/wp-content\/uploads\/2015\/06\/IMG_3577-624x467.jpg 624w, https:\/\/www.albilegeant.com\/articles\/wp-content\/uploads\/2015\/06\/IMG_3577.jpg 1185w\" sizes=\"auto, (max-width: 625px) 100vw, 625px\" \/><\/a><\/p>\n<p>Les fans \u00e9taient nombreux \u00e0 encourager les pilotes de l&rsquo;<a title=\"Coupe Nissan Micra et l&#039;\u00e9quipe ALBI le G\u00e9ant\" href=\"http:\/\/www.albinissan.com\/fr\/?utm_source=blog&amp;utm_medium=referral&amp;utm_campaign=Blog_ALBI\">\u00e9quipe ALBI le G\u00e9ant<\/a>. Nous esp\u00e9rons que vous \u00e9tiez du nombre!<\/p>\n<p>L&rsquo;\u00e9quipe ALBI le G\u00e9ant s&rsquo;est bien d\u00e9brouill\u00e9e tout au long de l&rsquo;\u00e9preuve. Olivier Pelletier est neuvi\u00e8me au classement g\u00e9n\u00e9ral de la Coupe Nissan Micra, tandis que Marc-Antoine Demers le suit de pr\u00e8s, en douzi\u00e8me position.<\/p>\n<p>Claude Leclerc, victime d&rsquo;un accident lors la premi\u00e8re \u00e9preuve, est toujours class\u00e9 parmi les vingts meilleurs pilotes.<\/p>\n<h2>Prochain rendez-vous<\/h2>\n<p>Les 25 et 26 juillet prochains, nous donnons rendez-vous aux fans de course automobile au circuit du Mont-Tremblant. Venez nombreux pour encourager l&rsquo;\u00e9quipe ALBI le G\u00e9ant!<\/p>\n<p><strong>Avez-vous d\u00e9j\u00e0 assister \u00e0 une \u00e9preuve de la Coupe Nissan Micra?<\/strong><\/p>\n","protected":false},"excerpt":{"rendered":"<p>Sous le soleil, les pilotes de la Coupe Nissan Micra ont fait vivre \u00e0 un public conquis des \u00e9motions fortes au circuit Gilles-Villeneuve! Le pilote v\u00e9t\u00e9ran et instructeur renomm\u00e9 Richard Sp\u00e9nard, recrue d&rsquo;une fin de semaine pour l&rsquo;\u00e9quipe ALBI le G\u00e9ant, a \u00e9t\u00e9 \u00e0 la hauteur de sa r\u00e9putation, pour le grand plaisir des fans!<\/p>\n","protected":false},"author":5,"featured_media":5327,"comment_status":"open","ping_status":"open","sticky":false,"template":"","format":"standard","meta":{"footnotes":""},"categories":[5],"tags":[402,208,403,401],"class_list":["post-5318","post","type-post","status-publish","format-standard","has-post-thumbnail","hentry","category-actualites","tag-claude-leclerc","tag-coupe-nissan-micra","tag-marc-antoine-demers","tag-olivier-pelletier"],"_links":{"self":[{"href":"https:\/\/www.albilegeant.com\/articles\/wp-json\/wp\/v2\/posts\/5318","targetHints":{"allow":["GET"]}}],"collection":[{"href":"https:\/\/www.albilegeant.com\/articles\/wp-json\/wp\/v2\/posts"}],"about":[{"href":"https:\/\/www.albilegeant.com\/articles\/wp-json\/wp\/v2\/types\/post"}],"author":[{"embeddable":true,"href":"https:\/\/www.albilegeant.com\/articles\/wp-json\/wp\/v2\/users\/5"}],"replies":[{"embeddable":true,"href":"https:\/\/www.albilegeant.com\/articles\/wp-json\/wp\/v2\/comments?post=5318"}],"version-history":[{"count":10,"href":"https:\/\/www.albilegeant.com\/articles\/wp-json\/wp\/v2\/posts\/5318\/revisions"}],"predecessor-version":[{"id":11904,"href":"https:\/\/www.albilegeant.com\/articles\/wp-json\/wp\/v2\/posts\/5318\/revisions\/11904"}],"wp:featuredmedia":[{"embeddable":true,"href":"https:\/\/www.albilegeant.com\/articles\/wp-json\/wp\/v2\/media\/5327"}],"wp:attachment":[{"href":"https:\/\/www.albilegeant.com\/articles\/wp-json\/wp\/v2\/media?parent=5318"}],"wp:term":[{"taxonomy":"category","embeddable":true,"href":"https:\/\/www.albilegeant.com\/articles\/wp-json\/wp\/v2\/categories?post=5318"},{"taxonomy":"post_tag","embeddable":true,"href":"https:\/\/www.albilegeant.com\/articles\/wp-json\/wp\/v2\/tags?post=5318"}],"curies":[{"name":"wp","href":"https:\/\/api.w.org\/{rel}","templated":true}]}}