{"id":5724,"date":"2015-07-28T09:10:37","date_gmt":"2015-07-28T13:10:37","guid":{"rendered":"http:\/\/www.albilegeant.com\/articles\/?p=5724"},"modified":"2018-10-30T10:40:55","modified_gmt":"2018-10-30T14:40:55","slug":"pilotes-groupe-albi-le-geant-coupe-nissan-micra-elvis-stojko-antoine-bessette-trois-rivieres","status":"publish","type":"post","link":"https:\/\/www.albilegeant.com\/articles\/actualites\/pilotes-groupe-albi-le-geant-coupe-nissan-micra-elvis-stojko-antoine-bessette-trois-rivieres\/","title":{"rendered":"Deux pilotes d\u2019exception pour le Groupe ALBI le G\u00e9ant \u00e0 la Coupe Nissan Micra au GP3R : Elvis Stojko et Antoine Bessette voleront la vedette les 1 et 2 ao\u00fbt prochains \u00e0 Trois-Rivi\u00e8res"},"content":{"rendered":"<p>POUR DIFFUSION IMM\u00c9DIATE<\/p>\n<p><strong>MASCOUCHE, Qu\u00e9bec \u2013 28 juillet 2015 &#8211;<\/strong>\u00a0 Dans le cadre de sa participation \u00e0 la Coupe Nissan Micra lors de la 46e \u00e9dition du Grand Prix de Trois-Rivi\u00e8res (31 juillet au 8 ao\u00fbt 2015), le Groupe ALBI le G\u00e9ant a annonc\u00e9 que deux pilotes vedettes se joindront \u00e0 son \u00e9quipe pour cette \u00e9preuve:<strong> Antoine Bessette et Elvis Stojko<\/strong>. Ces deux pilotes rejoindront Olivier Pelletier et Marc-Antoine Demers au sein de l\u2019\u00e9quipe du Groupe ALBI Le G\u00e9ant.<\/p>\n<p><!--more--><strong>Ancien patineur artistique canadien trois fois champion du monde<\/strong> et double m\u00e9daill\u00e9 d&rsquo;argent aux Jeux olympiques de Lillehammer et de Nagano,<strong> Elvis Stojko<\/strong> s&rsquo;est retir\u00e9 de la comp\u00e9tition en 2002 et s\u2019int\u00e9resse pr\u00e9sentement \u00e0 la course automobile. Il a commenc\u00e9 \u00e0 courir sur des circuits karts au Mexique et a particip\u00e9 \u00e0 la course Rotax DD2 Master avec l&rsquo;\u00e9quipe d&rsquo;usine Maranello.<\/p>\n<p>\u00ab\u00a0Je suis vraiment tr\u00e8s heureux de pouvoir participer \u00e0 la Coupe Nissan Micra au Grand Prix de Trois-Rivi\u00e8res. Je suis honor\u00e9 d&rsquo;avoir \u00e9t\u00e9 invit\u00e9 \u00e0 cet \u00e9v\u00e9nement fantastique qui me permettra de faire mes preuves devant les amateurs qu\u00e9b\u00e9cois. Les voitures semblent \u00eatre un plaisir \u00e0 conduire et la comp\u00e9tition est de haut niveau. Je tiens \u00e0 remercier<a title=\"ALBI Nissan\" href=\"http:\/\/www.albinissan.com\/\" target=\"_blank\" rel=\"noopener\"> ALBI Nissan<\/a>, Nissan Canada et les promoteurs du Grand Prix de Trois-Rivi\u00e8res de me donner cette chance unique\u00a0\u00bb, a d\u00e9clar\u00e9 Elvis Stojko.<\/p>\n<p>&nbsp;<\/p>\n<p><strong>Pilote professionnel exp\u00e9riment\u00e9 qui s\u2019est d\u00e9marqu\u00e9 sur la sc\u00e8ne internationale depuis 2000<\/strong> et r\u00e9cipiendaire du Troph\u00e9e Gilles-Villeneuve et du Canadian Champion Race Driver Award en 2005,<strong> Antoine Bessette fait un retour \u00e0 la course<\/strong> apr\u00e8s une pause de quelques ann\u00e9es et<strong> l\u2019\u00e9quipe ALBI se r\u00e9jouit de pouvoir compter sur les talents d\u2019un pilote<\/strong> si \u00e9m\u00e9rite.<br \/>\n\u00ab\u00a0 Ma passion pour les courses ne m\u2019a jamais quitt\u00e9 et j\u2019ai toujours eu l\u2019intention de revenir dans les bonnes circonstances, ce que le Groupe ALBI me permet de faire aujourd\u2019hui. Je suis tr\u00e8s heureux de faire partie de cette \u00e9quipe et je suis inspir\u00e9 par la passion et la d\u00e9termination que le Groupe ALBI d\u00e9montre. Aussi, le niveau de comp\u00e9tition de la Coupe Nissan Micra est tr\u00e8s int\u00e9ressant et j\u2019aime le principe d\u2019une s\u00e9rie \u00e0 voitures \u00e9gales et \u00e0 faible co\u00fbt d\u2019exploitation. Ce genre de s\u00e9rie attire plusieurs bons pilotes, donc les courses sont tr\u00e8s serr\u00e9es et donnent tout un spectacle \u00bb, a dit Antoine Bessette.<\/p>\n<p>\u00ab\u00a0La qualit\u00e9 et le professionnalisme des pilotes qui font partie de l\u2019\u00e9quipe ALBI sont vraiment exceptionnels, \u00e0 l\u2019image des valeurs que nous v\u00e9hiculons dans notre travail de tous les jours. \u00a0Je suis vraiment tr\u00e8s emball\u00e9 par la Course Nissan Micra et j\u2019esp\u00e8re que notre fid\u00e8le client\u00e8le aura l\u2019occasion de venir nous voir au Grand Prix de Trois-Rivi\u00e8res et appr\u00e9cier les talents de notre \u00e9quipe hors pair \u00a0\u00bb, a d\u00e9clar\u00e9 Denis Leclerc, le pr\u00e9sident du Groupe ALBI le G\u00e9ant.<\/p>\n<p>L\u2019\u00e9quipe ALBI le G\u00e9ant sera en piste les 1 et 2 ao\u00fbt prochains au<a title=\"Grand Prix de Trois-Rivi\u00e8re\" href=\"http:\/\/www.gp3r.com\/\" target=\"_blank\" rel=\"noopener\"> Grand Prix de Trois-Rivi\u00e8res<\/a> \u00e0 bord de Nissan Micra de s\u00e9rie; une voiture de s\u00e9rie abordable et amusante \u00e0 conduire!<\/p>\n<p><strong>On vous attend!<\/strong><\/p>\n\n\t\t<style type=\"text\/css\">\n\t\t\t#gallery-1 {\n\t\t\t\tmargin: auto;\n\t\t\t}\n\t\t\t#gallery-1 .gallery-item {\n\t\t\t\tfloat: left;\n\t\t\t\tmargin-top: 10px;\n\t\t\t\ttext-align: center;\n\t\t\t\twidth: 33%;\n\t\t\t}\n\t\t\t#gallery-1 img {\n\t\t\t\tborder: 2px solid #cfcfcf;\n\t\t\t}\n\t\t\t#gallery-1 .gallery-caption {\n\t\t\t\tmargin-left: 0;\n\t\t\t}\n\t\t\t\/* see gallery_shortcode() in wp-includes\/media.php *\/\n\t\t<\/style>\n\t\t<div id='gallery-1' class='gallery galleryid-5724 gallery-columns-3 gallery-size-thumbnail'><dl class='gallery-item'>\n\t\t\t<dt class='gallery-icon landscape'>\n\t\t\t\t<a href='https:\/\/www.albilegeant.com\/articles\/actualites\/pilotes-groupe-albi-le-geant-coupe-nissan-micra-elvis-stojko-antoine-bessette-trois-rivieres\/attachment\/dsc01160-12\/'><img loading=\"lazy\" decoding=\"async\" width=\"150\" height=\"150\" src=\"https:\/\/www.albilegeant.com\/articles\/wp-content\/uploads\/2015\/07\/DSC01160-12-150x150.jpg\" class=\"attachment-thumbnail size-thumbnail\" alt=\"\" \/><\/a>\n\t\t\t<\/dt><\/dl><dl class='gallery-item'>\n\t\t\t<dt class='gallery-icon landscape'>\n\t\t\t\t<a href='https:\/\/www.albilegeant.com\/articles\/actualites\/pilotes-groupe-albi-le-geant-coupe-nissan-micra-elvis-stojko-antoine-bessette-trois-rivieres\/attachment\/dsc01181-13\/'><img loading=\"lazy\" decoding=\"async\" width=\"150\" height=\"150\" src=\"https:\/\/www.albilegeant.com\/articles\/wp-content\/uploads\/2015\/07\/DSC01181-13-150x150.jpg\" class=\"attachment-thumbnail size-thumbnail\" alt=\"\" \/><\/a>\n\t\t\t<\/dt><\/dl><dl class='gallery-item'>\n\t\t\t<dt class='gallery-icon landscape'>\n\t\t\t\t<a href='https:\/\/www.albilegeant.com\/articles\/actualites\/pilotes-groupe-albi-le-geant-coupe-nissan-micra-elvis-stojko-antoine-bessette-trois-rivieres\/attachment\/dsc01199-14\/'><img loading=\"lazy\" decoding=\"async\" width=\"150\" height=\"150\" src=\"https:\/\/www.albilegeant.com\/articles\/wp-content\/uploads\/2015\/07\/DSC01199-14-150x150.jpg\" class=\"attachment-thumbnail size-thumbnail\" alt=\"\" \/><\/a>\n\t\t\t<\/dt><\/dl><br style=\"clear: both\" \/>\n\t\t<\/div>\n\n","protected":false},"excerpt":{"rendered":"<p>POUR DIFFUSION IMM\u00c9DIATE MASCOUCHE, Qu\u00e9bec \u2013 28 juillet 2015 &#8211;\u00a0 Dans le cadre de sa participation \u00e0 la Coupe Nissan Micra lors de la 46e \u00e9dition du Grand Prix de Trois-Rivi\u00e8res (31 juillet au 8 ao\u00fbt 2015), le Groupe ALBI le G\u00e9ant a annonc\u00e9 que deux pilotes vedettes se joindront \u00e0 son \u00e9quipe pour cette [&hellip;]<\/p>\n","protected":false},"author":5,"featured_media":5727,"comment_status":"open","ping_status":"open","sticky":false,"template":"","format":"standard","meta":{"footnotes":""},"categories":[5,276],"tags":[875,515,516,208,512,514,513],"class_list":["post-5724","post","type-post","status-publish","format-standard","has-post-thumbnail","hentry","category-actualites","category-medias","tag-actualites","tag-antoine-bessette","tag-communique-de-presse","tag-coupe-nissan-micra","tag-course-automobile","tag-elvis-stojko","tag-grand-prix-de-trois-riviere"],"_links":{"self":[{"href":"https:\/\/www.albilegeant.com\/articles\/wp-json\/wp\/v2\/posts\/5724","targetHints":{"allow":["GET"]}}],"collection":[{"href":"https:\/\/www.albilegeant.com\/articles\/wp-json\/wp\/v2\/posts"}],"about":[{"href":"https:\/\/www.albilegeant.com\/articles\/wp-json\/wp\/v2\/types\/post"}],"author":[{"embeddable":true,"href":"https:\/\/www.albilegeant.com\/articles\/wp-json\/wp\/v2\/users\/5"}],"replies":[{"embeddable":true,"href":"https:\/\/www.albilegeant.com\/articles\/wp-json\/wp\/v2\/comments?post=5724"}],"version-history":[{"count":4,"href":"https:\/\/www.albilegeant.com\/articles\/wp-json\/wp\/v2\/posts\/5724\/revisions"}],"predecessor-version":[{"id":11152,"href":"https:\/\/www.albilegeant.com\/articles\/wp-json\/wp\/v2\/posts\/5724\/revisions\/11152"}],"wp:featuredmedia":[{"embeddable":true,"href":"https:\/\/www.albilegeant.com\/articles\/wp-json\/wp\/v2\/media\/5727"}],"wp:attachment":[{"href":"https:\/\/www.albilegeant.com\/articles\/wp-json\/wp\/v2\/media?parent=5724"}],"wp:term":[{"taxonomy":"category","embeddable":true,"href":"https:\/\/www.albilegeant.com\/articles\/wp-json\/wp\/v2\/categories?post=5724"},{"taxonomy":"post_tag","embeddable":true,"href":"https:\/\/www.albilegeant.com\/articles\/wp-json\/wp\/v2\/tags?post=5724"}],"curies":[{"name":"wp","href":"https:\/\/api.w.org\/{rel}","templated":true}]}}