{"id":5809,"date":"2015-08-11T15:11:36","date_gmt":"2015-08-11T19:11:36","guid":{"rendered":"http:\/\/www.albilegeant.com\/articles\/?p=5809"},"modified":"2018-08-03T11:09:05","modified_gmt":"2018-08-03T15:09:05","slug":"albi-open-2015-une-premiere-memorable","status":"publish","type":"post","link":"https:\/\/www.albilegeant.com\/articles\/evenements\/albi-open-2015-une-premiere-memorable\/","title":{"rendered":"ALBI Open 2015 : une premi\u00e8re m\u00e9morable!"},"content":{"rendered":"<p>Le ALBI Open se voulait \u00eatre un grand merci pour toutes ces personnes exceptionnelles qui contribuent au succ\u00e8s d&rsquo;ALBI le G\u00e9ant. Des invit\u00e9s prestigieux se sont r\u00e9unis pour se mesurer amicalement au parcours du Golf le Mirage.<\/p>\n<p>Le mot d&rsquo;ordre de la journ\u00e9e: avoir beaucoup de plaisir!<!--more--><\/p>\n<h2>ALBI Open 2015 : Premier rendez-vous r\u00e9ussi<\/h2>\n<p>La grisaille a retenu ses gouttes de pluie toute la journ\u00e9e, pour le plus grand plaisir des joueurs et au plus grand soulagement des organisateurs.<\/p>\n<p>Ce sont quelques<strong> 144 participants qui ont \u00e9t\u00e9 accueillis<\/strong> en matin\u00e9e par le discours de bienvenue enthousiaste du pr\u00e9sident fondateur d&rsquo;<a title=\"ALBI le G\u00e9ant\" href=\"http:\/\/www.albilegeant.com\/\" target=\"_blank\" rel=\"noopener\">ALBI le G\u00e9ant<\/a>, M. Denis Leclerc.<\/p>\n<p>Le signal du d\u00e9part a \u00e9t\u00e9 lanc\u00e9 d&rsquo;une mani\u00e8re spectaculaire, soit par le passage d&rsquo;un avion \u00e0 l&rsquo;effigie du G\u00e9ant. Les \u00e9quipes se sont lanc\u00e9es sur le parcours et aussit\u00f4t, la sympathique comp\u00e9tition pour ramener la meilleure carte de pointage a d\u00e9but\u00e9e.<\/p>\n<p><strong>La lutte a \u00e9t\u00e9 chaude entre les \u00e9quipes<\/strong> de t\u00eate, mais c&rsquo;est finalement l&rsquo;\u00e9quipe de TVA sports qui a pris la premi\u00e8re position, avec une carte de -9. Tous les participants se sont amus\u00e9s malgr\u00e9 tout, l&rsquo;objectif \u00e9tant avant tout d\u2019avoir du plaisir.<\/p>\n\n\t\t<style type=\"text\/css\">\n\t\t\t#gallery-1 {\n\t\t\t\tmargin: auto;\n\t\t\t}\n\t\t\t#gallery-1 .gallery-item {\n\t\t\t\tfloat: left;\n\t\t\t\tmargin-top: 10px;\n\t\t\t\ttext-align: center;\n\t\t\t\twidth: 33%;\n\t\t\t}\n\t\t\t#gallery-1 img {\n\t\t\t\tborder: 2px solid #cfcfcf;\n\t\t\t}\n\t\t\t#gallery-1 .gallery-caption {\n\t\t\t\tmargin-left: 0;\n\t\t\t}\n\t\t\t\/* see gallery_shortcode() in wp-includes\/media.php *\/\n\t\t<\/style>\n\t\t<div id='gallery-1' class='gallery galleryid-5809 gallery-columns-3 gallery-size-thumbnail'><dl class='gallery-item'>\n\t\t\t<dt class='gallery-icon landscape'>\n\t\t\t\t<a href='https:\/\/www.albilegeant.com\/articles\/evenements\/albi-open-2015-une-premiere-memorable\/attachment\/prix\/'><img loading=\"lazy\" decoding=\"async\" width=\"150\" height=\"150\" src=\"https:\/\/www.albilegeant.com\/articles\/wp-content\/uploads\/2015\/08\/prix-150x150.jpg\" class=\"attachment-thumbnail size-thumbnail\" alt=\"Foursome gagnant\" aria-describedby=\"gallery-1-5832\" \/><\/a>\n\t\t\t<\/dt>\n\t\t\t\t<dd class='wp-caption-text gallery-caption' id='gallery-1-5832'>\n\t\t\t\tDerek Aucoin, Marc-Andr\u00e9 Perreault, Renaud Lavoie et Isabelle Rochefort ( Tous de TVA Sports) Louise Villeneuve ( VP Albi le G\u00e9ant)\n\t\t\t\t<\/dd><\/dl><dl class='gallery-item'>\n\t\t\t<dt class='gallery-icon landscape'>\n\t\t\t\t<a href='https:\/\/www.albilegeant.com\/articles\/evenements\/albi-open-2015-une-premiere-memorable\/attachment\/duo\/'><img loading=\"lazy\" decoding=\"async\" width=\"150\" height=\"150\" src=\"https:\/\/www.albilegeant.com\/articles\/wp-content\/uploads\/2015\/08\/duo-150x150.jpg\" class=\"attachment-thumbnail size-thumbnail\" alt=\"\" aria-describedby=\"gallery-1-5831\" \/><\/a>\n\t\t\t<\/dt>\n\t\t\t\t<dd class='wp-caption-text gallery-caption' id='gallery-1-5831'>\n\t\t\t\tOlivier Pelletier et Pascale Forgues (Albi le G\u00e9ant)\n\t\t\t\t<\/dd><\/dl><dl class='gallery-item'>\n\t\t\t<dt class='gallery-icon landscape'>\n\t\t\t\t<a href='https:\/\/www.albilegeant.com\/articles\/evenements\/albi-open-2015-une-premiere-memorable\/attachment\/denis-leclerc-et-louise-villeneuve\/'><img loading=\"lazy\" decoding=\"async\" width=\"150\" height=\"150\" src=\"https:\/\/www.albilegeant.com\/articles\/wp-content\/uploads\/2015\/08\/Denis-Leclerc-et-Louise-Villeneuve-150x150.jpg\" class=\"attachment-thumbnail size-thumbnail\" alt=\"\" aria-describedby=\"gallery-1-5830\" \/><\/a>\n\t\t\t<\/dt>\n\t\t\t\t<dd class='wp-caption-text gallery-caption' id='gallery-1-5830'>\n\t\t\t\tDenis Leclerc ( Pr\u00e9sident de Albi le G\u00e9ant) et Louise Villeneuve ( VP Albi le G\u00e9ant) Cr\u00e9dit photo: St\u00e9phane Quesnel\n\t\t\t\t<\/dd><\/dl><br style=\"clear: both\" \/><dl class='gallery-item'>\n\t\t\t<dt class='gallery-icon landscape'>\n\t\t\t\t<a href='https:\/\/www.albilegeant.com\/articles\/evenements\/albi-open-2015-une-premiere-memorable\/attachment\/cathy-laroche-vp-communications-et-relations-publiques-et-jerome-boudreault-vp-media\/'><img loading=\"lazy\" decoding=\"async\" width=\"150\" height=\"150\" src=\"https:\/\/www.albilegeant.com\/articles\/wp-content\/uploads\/2015\/08\/Cathy-Laroche-VP-communications-et-relations-publiques-et-Jerome-Boudreault-VP-Media-150x150.jpg\" class=\"attachment-thumbnail size-thumbnail\" alt=\"\" aria-describedby=\"gallery-1-5827\" \/><\/a>\n\t\t\t<\/dt>\n\t\t\t\t<dd class='wp-caption-text gallery-caption' id='gallery-1-5827'>\n\t\t\t\tCathy Laroche (VP Communication &#038; Relations publiques, Albi le G\u00e9ant) J\u00e9r\u00f4me Boudreault (VP m\u00e9dia, Albi le G\u00e9ant)\n\t\t\t\t<\/dd><\/dl><dl class='gallery-item'>\n\t\t\t<dt class='gallery-icon landscape'>\n\t\t\t\t<a href='https:\/\/www.albilegeant.com\/articles\/evenements\/albi-open-2015-une-premiere-memorable\/attachment\/entre-amis\/'><img loading=\"lazy\" decoding=\"async\" width=\"150\" height=\"150\" src=\"https:\/\/www.albilegeant.com\/articles\/wp-content\/uploads\/2015\/08\/entre-amis-150x150.jpg\" class=\"attachment-thumbnail size-thumbnail\" alt=\"\" aria-describedby=\"gallery-1-5828\" \/><\/a>\n\t\t\t<\/dt>\n\t\t\t\t<dd class='wp-caption-text gallery-caption' id='gallery-1-5828'>\n\t\t\t\tDerri\u00e8re: Fran\u00e7ois Lambert, Val\u00e9rie Taillefer, Gilles Lamoureux, Denis Leclerc et Louise Villeneuve, Andr\u00e9 Larivi\u00e8re. Devant: Maude Marquis- Breton, Mark Patrick, Christina Sleiman et Michel Sleiman\n\t\t\t\t<\/dd><\/dl><dl class='gallery-item'>\n\t\t\t<dt class='gallery-icon landscape'>\n\t\t\t\t<a href='https:\/\/www.albilegeant.com\/articles\/evenements\/albi-open-2015-une-premiere-memorable\/attachment\/les-gars\/'><img loading=\"lazy\" decoding=\"async\" width=\"150\" height=\"150\" src=\"https:\/\/www.albilegeant.com\/articles\/wp-content\/uploads\/2015\/08\/les-gars-150x150.jpg\" class=\"attachment-thumbnail size-thumbnail\" alt=\"\" aria-describedby=\"gallery-1-5829\" \/><\/a>\n\t\t\t<\/dt>\n\t\t\t\t<dd class='wp-caption-text gallery-caption' id='gallery-1-5829'>\n\t\t\t\tPhilippe Haddad, Mathieu Darche, Francis Bouillon et \u00c9ric Grenier\n\t\t\t\t<\/dd><\/dl><br style=\"clear: both\" \/><dl class='gallery-item'>\n\t\t\t<dt class='gallery-icon landscape'>\n\t\t\t\t<a href='https:\/\/www.albilegeant.com\/articles\/evenements\/albi-open-2015-une-premiere-memorable\/attachment\/albi-open\/'><img loading=\"lazy\" decoding=\"async\" width=\"150\" height=\"150\" src=\"https:\/\/www.albilegeant.com\/articles\/wp-content\/uploads\/2015\/08\/ALBI-Open-150x150.jpg\" class=\"attachment-thumbnail size-thumbnail\" alt=\"\" aria-describedby=\"gallery-1-5826\" \/><\/a>\n\t\t\t<\/dt>\n\t\t\t\t<dd class='wp-caption-text gallery-caption' id='gallery-1-5826'>\n\t\t\t\tGaston Therrien, Mario Tremblay, Vincent Damphousse et Alain Cr\u00eate\n\t\t\t\t<\/dd><\/dl>\n\t\t\t<br style='clear: both' \/>\n\t\t<\/div>\n\n<h2>Des jeux et&#8230; un p&rsquo;tit ap\u00e9ro!<\/h2>\n<p>En fin de journ\u00e9e, le temps gris a fait place \u00e0 un soleil radieux, juste \u00e0 temps pour un 5 \u00e0 7 convivial sur la superbe terrasse du Mirage. En soir\u00e9e, <strong>ce sont 175 invit\u00e9s de marque<\/strong> qui se sont retrouv\u00e9s autour d&rsquo;un repas gastronomique&#8230;<\/p>\n<p>Le succ\u00e8s de ce premier omnium a \u00e9t\u00e9 rendu possible gr\u00e2ce la contribution de nos partenaires d&rsquo;affaires, entre autres Le Journal de Montr\u00e9al et Bell M\u00e9dia, ainsi qu&rsquo;au travail de la grande \u00e9quipe ALBI le G\u00e9ant.<\/p>\n<p>Merci \u00e0 tous ceux qui ont pris part \u00e0 la premi\u00e8re \u00e9dition du ALBI Open pour en faire ce grand succ\u00e8s!<\/p>\n","protected":false},"excerpt":{"rendered":"<p>Le ALBI Open se voulait \u00eatre un grand merci pour toutes ces personnes exceptionnelles qui contribuent au succ\u00e8s d&rsquo;ALBI le G\u00e9ant. Des invit\u00e9s prestigieux se sont r\u00e9unis pour se mesurer amicalement au parcours du Golf le Mirage. Le mot d&rsquo;ordre de la journ\u00e9e: avoir beaucoup de plaisir!<\/p>\n","protected":false},"author":5,"featured_media":5816,"comment_status":"open","ping_status":"open","sticky":false,"template":"","format":"standard","meta":{"footnotes":""},"categories":[54],"tags":[56,530,509],"class_list":["post-5809","post","type-post","status-publish","format-standard","has-post-thumbnail","hentry","category-evenements","tag-albi-le-geant","tag-albi-open-2015","tag-evenements-2"],"_links":{"self":[{"href":"https:\/\/www.albilegeant.com\/articles\/wp-json\/wp\/v2\/posts\/5809","targetHints":{"allow":["GET"]}}],"collection":[{"href":"https:\/\/www.albilegeant.com\/articles\/wp-json\/wp\/v2\/posts"}],"about":[{"href":"https:\/\/www.albilegeant.com\/articles\/wp-json\/wp\/v2\/types\/post"}],"author":[{"embeddable":true,"href":"https:\/\/www.albilegeant.com\/articles\/wp-json\/wp\/v2\/users\/5"}],"replies":[{"embeddable":true,"href":"https:\/\/www.albilegeant.com\/articles\/wp-json\/wp\/v2\/comments?post=5809"}],"version-history":[{"count":11,"href":"https:\/\/www.albilegeant.com\/articles\/wp-json\/wp\/v2\/posts\/5809\/revisions"}],"predecessor-version":[{"id":10890,"href":"https:\/\/www.albilegeant.com\/articles\/wp-json\/wp\/v2\/posts\/5809\/revisions\/10890"}],"wp:featuredmedia":[{"embeddable":true,"href":"https:\/\/www.albilegeant.com\/articles\/wp-json\/wp\/v2\/media\/5816"}],"wp:attachment":[{"href":"https:\/\/www.albilegeant.com\/articles\/wp-json\/wp\/v2\/media?parent=5809"}],"wp:term":[{"taxonomy":"category","embeddable":true,"href":"https:\/\/www.albilegeant.com\/articles\/wp-json\/wp\/v2\/categories?post=5809"},{"taxonomy":"post_tag","embeddable":true,"href":"https:\/\/www.albilegeant.com\/articles\/wp-json\/wp\/v2\/tags?post=5809"}],"curies":[{"name":"wp","href":"https:\/\/api.w.org\/{rel}","templated":true}]}}