{"id":6045,"date":"2015-08-28T14:00:09","date_gmt":"2015-08-28T18:00:09","guid":{"rendered":"http:\/\/www.albilegeant.com\/articles\/?p=6045"},"modified":"2019-06-03T09:10:51","modified_gmt":"2019-06-03T13:10:51","slug":"la-nouvelle-honda-civic-devoilee-en-septembre","status":"publish","type":"post","link":"https:\/\/www.albilegeant.com\/articles\/actualites\/la-nouvelle-honda-civic-devoilee-en-septembre\/","title":{"rendered":"La nouvelle Honda Civic d\u00e9voil\u00e9e en septembre"},"content":{"rendered":"<p>Les amateurs et les passionn\u00e9s de Honda Civic n\u2019en peuvent plus d\u2019attendre. Alors qu\u2019en avril dernier, dans le cadre du salon de l\u2019auto de New York, on pr\u00e9sentait le prototype de la nouvelle Honda Civic SI, la v\u00e9ritable version de production fera sa rentr\u00e9e officielle le 16 septembre prochain lors de deux \u00e9v\u00e9nements tenus simultan\u00e9ment \u00e0 D\u00e9troit et \u00e0 Los Angeles.<!--more--><\/p>\n<p>La surprise ne sera peut-\u00eatre pas si grande cependant, puisque l\u2019on sait d\u00e9j\u00e0 que la petite Civic berline sera propuls\u00e9e par un moteur 4 cylindres V-TEC de 1,5 litres turbocompress\u00e9, alors les versions plus vitamin\u00e9es comme la SI ou la Type R mettront plut\u00f4t \u00e0 profit le moteur 2,0 litres inspir\u00e9 de la Civic Type R europ\u00e9enne, avec quelques retouches nord-am\u00e9ricaines comme il se doit.<\/p>\n<p>La Civic berline sera la premi\u00e8re \u00e0 se pointer le museau en septembre. Une version coup\u00e9 sera par la suite d\u00e9voil\u00e9e au cours des prochaines semaines, alors que l\u2019on devrait aussi assister au retour de la Civic Hatchback un peu plus tard.<\/p>\n<p>Parmi les nouveaut\u00e9s attendues sur la petite voiture, mentionnons un nouveau syst\u00e8me multim\u00e9dia avec \u00e9cran tactile, un ensemble de syst\u00e8mes de s\u00e9curit\u00e9 \u00e9lectronique embarqu\u00e9s, et m\u00eame des si\u00e8ges arri\u00e8re chauffants.<\/p>\n<p>En mati\u00e8re de conduite, si on se fie au designer Guy Melville-Brown, la nouvelle Civic am\u00e9liorera consid\u00e9rablement son dynamisme de conduite, et surtout fournira une meilleure qualit\u00e9 de finition et d\u2019assemblage.<\/p>\n<p>Enfin, le style est totalement diff\u00e9rent, utilisant notamment une grille de calandre inspir\u00e9e de celle de Acura lui conf\u00e9rant une allure plu haut de gamme. La SI, version prototype, pr\u00e9sentait aussi une allure beaucoup plus a\u00e9rodynamique.<\/p>\n<p>Rappelons que la Honda Civic est la voiture la plus vendue au pays, ayant \u00e9coul\u00e9 plus de 65 000 unit\u00e9s au cours des derniers mois. La production de la petite voiture en Am\u00e9rique est concentr\u00e9e \u00e0 Alliston, en Ontario.<\/p>\n<p>Patience cependant, ce n\u2019est que le 16 septembre que toutes ces informations seront confirm\u00e9es.<\/p>\n<p>Rendez-vous au ALBI Honda Pointe-aux-Trembles pour nos mod\u00e8les de Honda 2015-2016.<\/p>\n","protected":false},"excerpt":{"rendered":"<p>Les amateurs et les passionn\u00e9s de Honda Civic n\u2019en peuvent plus d\u2019attendre. Alors qu\u2019en avril dernier, dans le cadre du salon de l\u2019auto de New York, on pr\u00e9sentait le prototype de la nouvelle Honda Civic SI, la v\u00e9ritable version de production fera sa rentr\u00e9e officielle le 16 septembre prochain lors de deux \u00e9v\u00e9nements tenus simultan\u00e9ment [&hellip;]<\/p>\n","protected":false},"author":5,"featured_media":0,"comment_status":"open","ping_status":"open","sticky":false,"template":"","format":"standard","meta":{"footnotes":""},"categories":[5],"tags":[552,239,553],"class_list":["post-6045","post","type-post","status-publish","format-standard","hentry","category-actualites","tag-berline","tag-honda-civic","tag-nouveaute-automobile"],"_links":{"self":[{"href":"https:\/\/www.albilegeant.com\/articles\/wp-json\/wp\/v2\/posts\/6045","targetHints":{"allow":["GET"]}}],"collection":[{"href":"https:\/\/www.albilegeant.com\/articles\/wp-json\/wp\/v2\/posts"}],"about":[{"href":"https:\/\/www.albilegeant.com\/articles\/wp-json\/wp\/v2\/types\/post"}],"author":[{"embeddable":true,"href":"https:\/\/www.albilegeant.com\/articles\/wp-json\/wp\/v2\/users\/5"}],"replies":[{"embeddable":true,"href":"https:\/\/www.albilegeant.com\/articles\/wp-json\/wp\/v2\/comments?post=6045"}],"version-history":[{"count":1,"href":"https:\/\/www.albilegeant.com\/articles\/wp-json\/wp\/v2\/posts\/6045\/revisions"}],"predecessor-version":[{"id":12376,"href":"https:\/\/www.albilegeant.com\/articles\/wp-json\/wp\/v2\/posts\/6045\/revisions\/12376"}],"wp:attachment":[{"href":"https:\/\/www.albilegeant.com\/articles\/wp-json\/wp\/v2\/media?parent=6045"}],"wp:term":[{"taxonomy":"category","embeddable":true,"href":"https:\/\/www.albilegeant.com\/articles\/wp-json\/wp\/v2\/categories?post=6045"},{"taxonomy":"post_tag","embeddable":true,"href":"https:\/\/www.albilegeant.com\/articles\/wp-json\/wp\/v2\/tags?post=6045"}],"curies":[{"name":"wp","href":"https:\/\/api.w.org\/{rel}","templated":true}]}}