{"id":6391,"date":"2015-09-17T10:43:09","date_gmt":"2015-09-17T14:43:09","guid":{"rendered":"http:\/\/www.albilegeant.com\/articles\/?p=6391"},"modified":"2019-06-03T09:10:30","modified_gmt":"2019-06-03T13:10:30","slug":"honda-presente-sa-civic-2016-10e-generation","status":"publish","type":"post","link":"https:\/\/www.albilegeant.com\/articles\/actualites\/honda-presente-sa-civic-2016-10e-generation\/","title":{"rendered":"Honda pr\u00e9sente sa Civic 2016 10e g\u00e9n\u00e9ration"},"content":{"rendered":"<p>On l\u2019attendait avec une certaine impatience, et c\u2019est finalement le 16 septembre dernier que Honda a pr\u00e9sent\u00e9 sa toute nouvelle Honda Civic. D\u00e9j\u00e0 la voiture la plus vendue au pays, la nouvelle Honda Civic a profit\u00e9 d\u2019un traitement complet, \u00e9tant reconstruite depuis z\u00e9ro.<\/p>\n<p>La nouvelle plateforme de la voiture, plus rigide de 25%, sera aussi partag\u00e9e avec les nouvelles Honda Accord et Honda CR-V qui seront eux aussi redessin\u00e9s au cours des prochaines ann\u00e9es.<\/p>\n<p>Quant \u00e0 la nouvelle Civic berline, elle profite d\u2019un nouveau style plus raffin\u00e9, d\u2019un capot plus sculpt\u00e9 et d\u2019une toute nouvelle grille de calandre, encadr\u00e9e par des blocs optiques au DEL plus efficaces. La grande nouveaut\u00e9 cependant c\u2019est la ligne de toit qui se prolonge, rappelant quasiment les voitures de type \u00ab\u00a0fastback\u00a0\u00bb.<\/p>\n<p><a href=\"http:\/\/www.albilegeant.com\/articles\/wp-content\/uploads\/2015\/09\/16_Civic_Sedan_002.jpg\"><img loading=\"lazy\" decoding=\"async\" class=\"aligncenter size-medium wp-image-6393\" src=\"http:\/\/www.albilegeant.com\/articles\/wp-content\/uploads\/2015\/09\/16_Civic_Sedan_002-300x200.jpg\" alt=\"2016 Honda Civic Sedan Touring\" width=\"300\" height=\"200\" \/><\/a><\/p>\n<p>Dans l\u2019habitacle, on a am\u00e9lior\u00e9 la qualit\u00e9 des mat\u00e9riaux et doubl\u00e9 l\u2019insonorisation en modifiant la conception et en ajoutant des glaces acoustiques. Cela permettra de mieux profiter du tout nouveau syst\u00e8me audio ou des propri\u00e9t\u00e9s des syst\u00e8mes Apple CarPlay ou Android Auto d\u00e9sormais de s\u00e9rie et capable de g\u00e9rer les t\u00e9l\u00e9phones intelligents.<\/p>\n<p>Une position de conduite plus basse, et un centre de gravit\u00e9 mieux plac\u00e9, en plus de nouvelles suspensions et d\u2019une am\u00e9lioration a\u00e9rodynamique de 12% permettront \u00e0 la nouvelle Civic d\u2019\u00eatre plus efficace que jamais.<\/p>\n<p><img loading=\"lazy\" decoding=\"async\" class=\"aligncenter size-medium wp-image-6394\" src=\"http:\/\/www.albilegeant.com\/articles\/wp-content\/uploads\/2015\/09\/2016_Civic_Sedan_003-300x200.jpg\" alt=\"2016 Honda Civic Sedan Touring\" width=\"300\" height=\"200\" \/><\/p>\n<p>Sous le capot, deux nouveaux moteurs\u00a0: un 2,0 litres coupl\u00e9 \u00e0 une boite manuelle ou automatique CVT en version de base, et un moteur 1,5 litre turbo jumel\u00e9 aussi \u00e0 une boite CVT en version haut de gamme sont au menu. La puissance sera cependant connue plus tard.<\/p>\n<p>Pour le moment, Honda n\u2019a d\u00e9voil\u00e9 que la version berline, mais d\u2019autres versions sont pr\u00e9vues. C\u2019est notamment le cas d\u2019un coup\u00e9, d\u2019une puissante SI en d\u00e9clinaison berline et coup\u00e9, et de la tr\u00e8s attendue, et performante, Type R.<\/p>\n<p>La Honda Civic 2016 devrait \u00eatre offerte d\u2019ici la fin de l\u2019ann\u00e9e chez Albi le g\u00e9ant, et chez tous les concessionnaires du Qu\u00e9bec.<\/p>\n","protected":false},"excerpt":{"rendered":"<p>On l\u2019attendait avec une certaine impatience, et c\u2019est finalement le 16 septembre dernier que Honda a pr\u00e9sent\u00e9 sa toute nouvelle Honda Civic. D\u00e9j\u00e0 la voiture la plus vendue au pays, la nouvelle Honda Civic a profit\u00e9 d\u2019un traitement complet, \u00e9tant reconstruite depuis z\u00e9ro. La nouvelle plateforme de la voiture, plus rigide de 25%, sera aussi [&hellip;]<\/p>\n","protected":false},"author":5,"featured_media":0,"comment_status":"open","ping_status":"open","sticky":false,"template":"","format":"standard","meta":{"footnotes":""},"categories":[5],"tags":[229],"class_list":["post-6391","post","type-post","status-publish","format-standard","hentry","category-actualites","tag-honda"],"_links":{"self":[{"href":"https:\/\/www.albilegeant.com\/articles\/wp-json\/wp\/v2\/posts\/6391","targetHints":{"allow":["GET"]}}],"collection":[{"href":"https:\/\/www.albilegeant.com\/articles\/wp-json\/wp\/v2\/posts"}],"about":[{"href":"https:\/\/www.albilegeant.com\/articles\/wp-json\/wp\/v2\/types\/post"}],"author":[{"embeddable":true,"href":"https:\/\/www.albilegeant.com\/articles\/wp-json\/wp\/v2\/users\/5"}],"replies":[{"embeddable":true,"href":"https:\/\/www.albilegeant.com\/articles\/wp-json\/wp\/v2\/comments?post=6391"}],"version-history":[{"count":2,"href":"https:\/\/www.albilegeant.com\/articles\/wp-json\/wp\/v2\/posts\/6391\/revisions"}],"predecessor-version":[{"id":12375,"href":"https:\/\/www.albilegeant.com\/articles\/wp-json\/wp\/v2\/posts\/6391\/revisions\/12375"}],"wp:attachment":[{"href":"https:\/\/www.albilegeant.com\/articles\/wp-json\/wp\/v2\/media?parent=6391"}],"wp:term":[{"taxonomy":"category","embeddable":true,"href":"https:\/\/www.albilegeant.com\/articles\/wp-json\/wp\/v2\/categories?post=6391"},{"taxonomy":"post_tag","embeddable":true,"href":"https:\/\/www.albilegeant.com\/articles\/wp-json\/wp\/v2\/tags?post=6391"}],"curies":[{"name":"wp","href":"https:\/\/api.w.org\/{rel}","templated":true}]}}