{"id":8619,"date":"2016-02-16T12:30:20","date_gmt":"2016-02-16T17:30:20","guid":{"rendered":"http:\/\/www.albilegeant.com\/articles\/?p=8619"},"modified":"2016-02-17T09:22:08","modified_gmt":"2016-02-17T14:22:08","slug":"voiture-de-l-annee","status":"publish","type":"post","link":"https:\/\/www.albilegeant.com\/articles\/actualites\/voiture-de-l-annee\/","title":{"rendered":"La Honda Civic et le Mazda CX-3, v\u00e9hicules de l\u2019ann\u00e9e"},"content":{"rendered":"<p>Les membres de l\u2019Association des journalistes automobiles du Canada ont tranch\u00e9\u00a0: la voiture de l\u2019ann\u00e9e\u00a02016 est la Honda Civic berline, alors que le prix de l\u2019utilitaire sport de l\u2019ann\u00e9e\u00a02016 a \u00e9t\u00e9 remis au Mazda\u00a0CX-3.<!--more--><\/p>\n<p>Ces prestigieux prix ne sont pas remis au hasard. En fait, ils sont le r\u00e9sultat d\u2019un long processus d\u2019\u00e9valuation qui a r\u00e9uni les quelque 150 membres de l\u2019AJAC \u00e0 travers le pays.<\/p>\n<p>L\u2019\u00e9valuation commence \u00e0 l\u2019automne alors que les journalistes se r\u00e9unissent \u00e0 Bowmanville en Ontario. Ils doivent alors tester toutes les voitures inscrites (elles \u00e9taient au nombre de 50 cette ann\u00e9e) par cat\u00e9gorie, et sont oblig\u00e9s de tester une cat\u00e9gorie compl\u00e8te au cours d\u2019une m\u00eame journ\u00e9e et sur le m\u00eame parcours.<a href=\"http:\/\/www.albilegeant.com\/articles\/wp-content\/uploads\/2016\/02\/Mazda-cx3.jpg\"><img loading=\"lazy\" decoding=\"async\" class=\"aligncenter size-medium wp-image-8624\" src=\"http:\/\/www.albilegeant.com\/articles\/wp-content\/uploads\/2016\/02\/Mazda-cx3-300x199.jpg\" alt=\"Mazda cx3\" width=\"300\" height=\"199\" \/><\/a><\/p>\n<p>Puis, une fois les <a href=\"http:\/\/www.albilegeant.com\/articles\/actualites\/honda-voiture-de-lannee\/\" target=\"_blank\">9 gagnants de cat\u00e9gorie connu<\/a>s, les membres sont appel\u00e9s \u00e0 voter de nouveau pour le choix des grands gagnants, qui ont \u00e9t\u00e9 d\u00e9voil\u00e9s dans le cadre du Salon de l\u2019auto de Toronto.<\/p>\n<p>Pour \u00eatre admissible au titre de voiture de l\u2019ann\u00e9e,<strong> le v\u00e9hicule doit \u00eatre totalement nouveau<\/strong>, ou suffisamment redessin\u00e9 pour \u00eatre consid\u00e9r\u00e9 comme tel.<\/p>\n<p>Dans le cas de la Honda Civic, qui avait d\u2019ailleurs remport\u00e9 le m\u00eame prix au niveau nord-am\u00e9ricain, c\u2019est la version berline qui a \u00e9t\u00e9 \u00e9valu\u00e9e puisque la coup\u00e9e ne sera disponible que dans quelques semaines. La petite voiture, la plus vendue au pays depuis pr\u00e8s de deux d\u00e9cennies, a subi d\u2019importantes modifications cette ann\u00e9e.<\/p>\n<div id=\"attachment_8622\" style=\"width: 310px\" class=\"wp-caption aligncenter\"><a href=\"http:\/\/www.albilegeant.com\/articles\/wp-content\/uploads\/2016\/02\/remise-Honda.jpg\"><img loading=\"lazy\" decoding=\"async\" aria-describedby=\"caption-attachment-8622\" class=\"size-medium wp-image-8622\" src=\"http:\/\/www.albilegeant.com\/articles\/wp-content\/uploads\/2016\/02\/remise-Honda-300x168.jpg\" alt=\"Honda Civic berline AJAC\" width=\"300\" height=\"168\" \/><\/a><p id=\"caption-attachment-8622\" class=\"wp-caption-text\">Monsieur Jerry Chenkin, pr\u00e9sident et directeur g\u00e9n\u00e9ral de Honda Canada, recevant son prix pour la Honda Civic.<\/p><\/div>\n<p>En plus d\u2019une <strong>allure plus sportive et plus a\u00e9rodynamique<\/strong>, la compacte met \u00e0 profit un moteur\u00a04 cylindres 2,0 litres de base, et renoue avec les moteurs turbo en offrant une version 1,5 litre salu\u00e9 par la critique.<\/p>\n<p>Quant au <strong>CX-3, il s\u2019agit d\u2019un tout nouveau mod\u00e8le de v\u00e9hicule<\/strong>. Le petit VUS sous-compact s\u2019inscrit dans un cr\u00e9neau en pleine progression. Construit sur la plateforme de la Mazda2, il se distingue par son style moderne dans la lign\u00e9e du design Kodo, par son plaisir de conduite et par sa faible consommation de carburant li\u00e9e \u00e0 l\u2019usage de la technologie SkyActiv.<\/p>\n<div id=\"attachment_8620\" style=\"width: 310px\" class=\"wp-caption aligncenter\"><a href=\"http:\/\/www.albilegeant.com\/articles\/wp-content\/uploads\/2016\/02\/remise-mazda.jpg\"><img loading=\"lazy\" decoding=\"async\" aria-describedby=\"caption-attachment-8620\" class=\"size-medium wp-image-8620\" src=\"http:\/\/www.albilegeant.com\/articles\/wp-content\/uploads\/2016\/02\/remise-mazda-300x168.jpg\" alt=\"CX-3 AJAC\" width=\"300\" height=\"168\" \/><\/a><p id=\"caption-attachment-8620\" class=\"wp-caption-text\">Monsieur Vincent Reboul, directeur du marketing pour Mazda Canada, acceptant le prix de l\u2019utilitaire sport de l\u2019ann\u00e9e pour le CX-3.<\/p><\/div>\n<p>Signalons que la Honda a battu les VW Golf R et Sportwagen dans sa cat\u00e9gorie, alors que le Mazda\u00a0CX-3 a devanc\u00e9 les Kia Sorento et Volvo\u00a0XC90.<\/p>\n<p>&nbsp;<\/p>\n","protected":false},"excerpt":{"rendered":"<p>Les membres de l\u2019Association des journalistes automobiles du Canada ont tranch\u00e9\u00a0: la voiture de l\u2019ann\u00e9e\u00a02016 est la Honda Civic berline, alors que le prix de l\u2019utilitaire sport de l\u2019ann\u00e9e\u00a02016 a \u00e9t\u00e9 remis au Mazda\u00a0CX-3.<\/p>\n","protected":false},"author":5,"featured_media":0,"comment_status":"open","ping_status":"open","sticky":false,"template":"","format":"standard","meta":{"footnotes":""},"categories":[5],"tags":[],"class_list":["post-8619","post","type-post","status-publish","format-standard","hentry","category-actualites"],"_links":{"self":[{"href":"https:\/\/www.albilegeant.com\/articles\/wp-json\/wp\/v2\/posts\/8619","targetHints":{"allow":["GET"]}}],"collection":[{"href":"https:\/\/www.albilegeant.com\/articles\/wp-json\/wp\/v2\/posts"}],"about":[{"href":"https:\/\/www.albilegeant.com\/articles\/wp-json\/wp\/v2\/types\/post"}],"author":[{"embeddable":true,"href":"https:\/\/www.albilegeant.com\/articles\/wp-json\/wp\/v2\/users\/5"}],"replies":[{"embeddable":true,"href":"https:\/\/www.albilegeant.com\/articles\/wp-json\/wp\/v2\/comments?post=8619"}],"version-history":[{"count":1,"href":"https:\/\/www.albilegeant.com\/articles\/wp-json\/wp\/v2\/posts\/8619\/revisions"}],"predecessor-version":[{"id":12370,"href":"https:\/\/www.albilegeant.com\/articles\/wp-json\/wp\/v2\/posts\/8619\/revisions\/12370"}],"wp:attachment":[{"href":"https:\/\/www.albilegeant.com\/articles\/wp-json\/wp\/v2\/media?parent=8619"}],"wp:term":[{"taxonomy":"category","embeddable":true,"href":"https:\/\/www.albilegeant.com\/articles\/wp-json\/wp\/v2\/categories?post=8619"},{"taxonomy":"post_tag","embeddable":true,"href":"https:\/\/www.albilegeant.com\/articles\/wp-json\/wp\/v2\/tags?post=8619"}],"curies":[{"name":"wp","href":"https:\/\/api.w.org\/{rel}","templated":true}]}}