{"id":8746,"date":"2016-03-24T17:05:58","date_gmt":"2016-03-24T21:05:58","guid":{"rendered":"http:\/\/www.albilegeant.com\/articles\/?p=8746"},"modified":"2018-10-29T16:17:23","modified_gmt":"2018-10-29T20:17:23","slug":"albi-nissan-vaudreuil","status":"publish","type":"post","link":"https:\/\/www.albilegeant.com\/articles\/medias\/albi-nissan-vaudreuil\/","title":{"rendered":"Le Groupe ALBI le G\u00e9ant poursuit sa croissance avec l\u2019ouverture d\u2019ALBI Nissan Vaudreuil"},"content":{"rendered":"<p><strong>MASCOUCHE, Qu\u00e9bec \u2013 24 mars 2016<\/strong> \u2013 C\u2019est le 14 mars dernier qu\u2019a eu lieu l\u2019ouverture d\u2019ALBI Nissan Vaudreuil, un \u00e9v\u00e9nement qui confirme l\u2019impressionnante expansion du Groupe ALBI le G\u00e9ant dans la r\u00e9gion de la Mont\u00e9r\u00e9gie. Situ\u00e9e en bordure de l\u2019autoroute\u00a040, un endroit strat\u00e9gique en termes d\u2019accessibilit\u00e9, ALBI Nissan Vaudreuil est la 5<sup>e<\/sup> concession Nissan du Groupe. Pour l\u2019instant, l\u2019\u00e9quipe du d\u00e9partement des ventes est fin pr\u00eate \u00e0 accueillir les nouveaux clients alors que le d\u00e9partement des pi\u00e8ces et service ouvrira sous peu.<!--more--><\/p>\n<p>Pour r\u00e9pondre de fa\u00e7on exemplaire aux besoins de sa client\u00e8le toujours grandissante, ALBI le G\u00e9ant a investi 6,7 millions de dollars dans la r\u00e9novation du b\u00e2timent, du terrain et des \u00e9quipements, des travaux qui ont d\u00e9but\u00e9 \u00e0 l\u2019automne\u00a02015 et qui se sont termin\u00e9s derni\u00e8rement. Employant pr\u00e9sentement 10 coll\u00e8gues, le Groupe pr\u00e9voit l\u2019embauche de 15 personnes suppl\u00e9mentaires lorsque tous les d\u00e9partements de la concession seront en op\u00e9ration.<\/p>\n<p>\u00ab\u00a0Gr\u00e2ce \u00e0 cette 5<sup>e<\/sup> concession Nissan, ALBI le G\u00e9ant peut maintenant offrir \u00e0 ses fid\u00e8les clients la Nissan LEAF, la voiture 100\u00a0% \u00e9lectrique la plus abordable et la plus efficace sur le march\u00e9. Notre \u00e9quipe technique comp\u00e9tente et exp\u00e9riment\u00e9e sera en mesure de proc\u00e9der \u00e0 l\u2019entretien de ces v\u00e9hicules puissants et a\u00e9rodynamiques directement sur place. De plus, des bornes de recharge facilement accessibles seront bient\u00f4t disponibles pour notre client\u00e8le. Cet ajout important et strat\u00e9gique \u00e0 notre longue liste de concessions vient confirmer notre volont\u00e9 d\u2019offrir ce qu\u2019il y a de meilleur \u00e0 notre client\u00e8le et notre position de leader de l\u2019industrie automobile \u00bb, a d\u00e9clar\u00e9 Denis Leclerc, pr\u00e9sident du Groupe ALBI le G\u00e9ant.<\/p>\n<table class=\"wp-list-table widefat fixed sliders\">\n<tbody id=\"the-list\" data-wp-lists=\"list:slider\">\n<tr class=\"alternate\">\n<td class=\"shortcode column-shortcode\">\n\t\t<!-- MasterSlider -->\n\t\t<div id=\"P_MS69f2673440aa2\" class=\"master-slider-parent msl ms-parent-id-6\" style=\"max-width:1000px;\"  >\n\n\t\t\t\n\t\t\t<!-- MasterSlider Main -->\n\t\t\t<div id=\"MS69f2673440aa2\" class=\"master-slider ms-skin-default\" >\n\t\t\t\t \t\t\t\t \n\t\t\t\t<div  class=\"ms-slide\" data-delay=\"3\" data-fill-mode=\"fill\"  >\n\t\t\t\t\t<img decoding=\"async\" src=\"https:\/\/www.albilegeant.com\/articles\/wp-content\/plugins\/master-slider\/public\/assets\/css\/blank.gif\" alt=\"\" title=\"\" data-src=\"https:\/\/www.albilegeant.com\/articles\/wp-content\/uploads\/2016\/03\/NissanVaudreuil-ext-4.jpg\" \/>\n\n\n\t<div class=\"ms-thumb\" ><div class=\"ms-tab-context\"><div class=&quot;ms-tab-context&quot;><\/div><\/div>\n<\/div>\n\t\t\t\t<\/div>\n\t\t\t\t<div  class=\"ms-slide\" data-delay=\"3\" data-fill-mode=\"fill\"  >\n\t\t\t\t\t<img decoding=\"async\" src=\"https:\/\/www.albilegeant.com\/articles\/wp-content\/plugins\/master-slider\/public\/assets\/css\/blank.gif\" alt=\"\" title=\"\" data-src=\"https:\/\/www.albilegeant.com\/articles\/wp-content\/uploads\/2016\/03\/NissanVaudreuil-ext-3.jpg\" \/>\n\n\n\t<div class=\"ms-thumb\" ><div class=\"ms-tab-context\"><div class=&quot;ms-tab-context&quot;><\/div><\/div>\n<\/div>\n\t\t\t\t<\/div>\n\t\t\t\t<div  class=\"ms-slide\" data-delay=\"3\" data-fill-mode=\"fill\"  >\n\t\t\t\t\t<img decoding=\"async\" src=\"https:\/\/www.albilegeant.com\/articles\/wp-content\/plugins\/master-slider\/public\/assets\/css\/blank.gif\" alt=\"\" title=\"\" data-src=\"https:\/\/www.albilegeant.com\/articles\/wp-content\/uploads\/2016\/03\/NissanVaudreuil-int.jpg\" \/>\n\n\n\t<div class=\"ms-thumb\" ><div class=\"ms-tab-context\"><div class=&quot;ms-tab-context&quot;><\/div><\/div>\n<\/div>\n\t\t\t\t<\/div>\n\t\t\t\t<div  class=\"ms-slide\" data-delay=\"3\" data-fill-mode=\"fill\"  >\n\t\t\t\t\t<img decoding=\"async\" src=\"https:\/\/www.albilegeant.com\/articles\/wp-content\/plugins\/master-slider\/public\/assets\/css\/blank.gif\" alt=\"\" title=\"\" data-src=\"https:\/\/www.albilegeant.com\/articles\/wp-content\/uploads\/2016\/03\/NissanVaudreuil-int-3.jpg\" \/>\n\n\n\t<div class=\"ms-thumb\" ><div class=\"ms-tab-context\"><div class=&quot;ms-tab-context&quot;><\/div><\/div>\n<\/div>\n\t\t\t\t<\/div>\n\n\t\t\t<\/div>\n\t\t\t<!-- END MasterSlider Main -->\n\n\t\t\t \n\t\t<\/div>\n\t\t<!-- END MasterSlider -->\n\n\t\t<script>\n\t\t(function ( $ ) {\n\t\t\t\"use strict\";\n\n\t\t\t$(function () {\n\t\t\t\tvar masterslider_0aa2 = new MasterSlider();\n\n\t\t\t\t\/\/ slider controls\n\n\t\t\t\t\/\/ slider setup\n\t\t\t\tmasterslider_0aa2.setup(\"MS69f2673440aa2\", {\n\t\t\t\t\t\twidth           : 1000,\n\t\t\t\t\t\theight          : 500,\n\t\t\t\t\t\tminHeight       : 0,\n\t\t\t\t\t\tspace           : 0,\n\t\t\t\t\t\tstart           : 1,\n\t\t\t\t\t\tgrabCursor      : true,\n\t\t\t\t\t\tswipe           : true,\n\t\t\t\t\t\tmouse           : true,\n\t\t\t\t\t\tlayout          : \"boxed\",\n\t\t\t\t\t\twheel           : false,\n\t\t\t\t\t\tautoplay        : true,\n\t\t\t\t\t\tinstantStartLayers:false,\n\t\t\t\t\t\tloop            : false,\n\t\t\t\t\t\tshuffle         : false,\n\t\t\t\t\t\tpreload         : 0,\n\t\t\t\t\t\theightLimit     : true,\n\t\t\t\t\t\tautoHeight      : false,\n\t\t\t\t\t\tsmoothHeight    : true,\n\t\t\t\t\t\tendPause        : false,\n\t\t\t\t\t\toverPause       : true,\n\t\t\t\t\t\tfillMode        : \"fill\",\n\t\t\t\t\t\tcenterControls  : true,\n\t\t\t\t\t\tstartOnAppear   : false,\n\t\t\t\t\t\tlayersMode      : \"center\",\n\t\t\t\t\t\thideLayers      : false,\n\t\t\t\t\t\tfullscreenMargin: 0,\n\t\t\t\t\t\tspeed           : 20,\n\t\t\t\t\t\tdir             : \"h\",\n\t\t\t\t\t\tparallaxMode    : 'swipe',\n\t\t\t\t\t\tview            : \"basic\"\n\t\t\t\t});\n\n\t\t\t\t\n\t\t\t\twindow.masterslider_instances = window.masterslider_instances || [];\n\t\t\t\twindow.masterslider_instances.push( masterslider_0aa2 );\n\t\t\t });\n\n\t\t})(jQuery);\n\t\t<\/script>\n\n<\/td>\n<\/tr>\n<\/tbody>\n<\/table>\n","protected":false},"excerpt":{"rendered":"<p>MASCOUCHE, Qu\u00e9bec \u2013 24 mars 2016 \u2013 C\u2019est le 14 mars dernier qu\u2019a eu lieu l\u2019ouverture d\u2019ALBI Nissan Vaudreuil, un \u00e9v\u00e9nement qui confirme l\u2019impressionnante expansion du Groupe ALBI le G\u00e9ant dans la r\u00e9gion de la Mont\u00e9r\u00e9gie. Situ\u00e9e en bordure de l\u2019autoroute\u00a040, un endroit strat\u00e9gique en termes d\u2019accessibilit\u00e9, ALBI Nissan Vaudreuil est la 5e concession Nissan [&hellip;]<\/p>\n","protected":false},"author":5,"featured_media":0,"comment_status":"open","ping_status":"open","sticky":false,"template":"","format":"standard","meta":{"footnotes":""},"categories":[276],"tags":[],"class_list":["post-8746","post","type-post","status-publish","format-standard","hentry","category-medias"],"_links":{"self":[{"href":"https:\/\/www.albilegeant.com\/articles\/wp-json\/wp\/v2\/posts\/8746","targetHints":{"allow":["GET"]}}],"collection":[{"href":"https:\/\/www.albilegeant.com\/articles\/wp-json\/wp\/v2\/posts"}],"about":[{"href":"https:\/\/www.albilegeant.com\/articles\/wp-json\/wp\/v2\/types\/post"}],"author":[{"embeddable":true,"href":"https:\/\/www.albilegeant.com\/articles\/wp-json\/wp\/v2\/users\/5"}],"replies":[{"embeddable":true,"href":"https:\/\/www.albilegeant.com\/articles\/wp-json\/wp\/v2\/comments?post=8746"}],"version-history":[{"count":1,"href":"https:\/\/www.albilegeant.com\/articles\/wp-json\/wp\/v2\/posts\/8746\/revisions"}],"predecessor-version":[{"id":11140,"href":"https:\/\/www.albilegeant.com\/articles\/wp-json\/wp\/v2\/posts\/8746\/revisions\/11140"}],"wp:attachment":[{"href":"https:\/\/www.albilegeant.com\/articles\/wp-json\/wp\/v2\/media?parent=8746"}],"wp:term":[{"taxonomy":"category","embeddable":true,"href":"https:\/\/www.albilegeant.com\/articles\/wp-json\/wp\/v2\/categories?post=8746"},{"taxonomy":"post_tag","embeddable":true,"href":"https:\/\/www.albilegeant.com\/articles\/wp-json\/wp\/v2\/tags?post=8746"}],"curies":[{"name":"wp","href":"https:\/\/api.w.org\/{rel}","templated":true}]}}