{"id":9115,"date":"2016-07-15T14:41:50","date_gmt":"2016-07-15T18:41:50","guid":{"rendered":"http:\/\/www.albilegeant.com\/articles\/?p=9115"},"modified":"2016-11-04T14:18:26","modified_gmt":"2016-11-04T18:18:26","slug":"la-mazda3-2017-renouvelee-est-devoilee","status":"publish","type":"post","link":"https:\/\/www.albilegeant.com\/articles\/actualites\/la-mazda3-2017-renouvelee-est-devoilee\/","title":{"rendered":"La Mazda3 2017 renouvel\u00e9e est d\u00e9voil\u00e9e"},"content":{"rendered":"<p>C\u2019est au Japon que l\u2019on a proc\u00e9d\u00e9, il y a quelques heures \u00e0 peine au d\u00e9voilement de la nouvelle Mazda3 2017, appel\u00e9e Axela au pays du soleil levant. Esth\u00e9tiquement, les nuances sont peu importantes avec la version actuelle, mais en mati\u00e8re de technologie, la Mazda3 2017 innove.<!--more--><\/p>\n<p>Les diff\u00e9rences esth\u00e9tiques sont difficiles \u00e0 rep\u00e9rer, mais comprennent une <strong>calandre r\u00e9vis\u00e9e et de nouveaux phares<\/strong> avec la technologie DEL en option selon la version. Les changements sont encore plus subtils \u00e0 l&rsquo;arri\u00e8re avec seulement un nouveau rev\u00eatement sur le pare-chocs. Dans la cabine, les concepteurs ont voulu lui donner une <strong>allure un peu plus haut de gamme<\/strong> en modifiant les mat\u00e9riaux ainsi qu\u2019en ajoutant des accents contrastants au tableau de bord.<\/p>\n<p><a href=\"http:\/\/www.albilegeant.com\/articles\/wp-content\/uploads\/2016\/07\/mazda-3-2.jpg\"><img loading=\"lazy\" decoding=\"async\" class=\"aligncenter size-full wp-image-9117\" src=\"http:\/\/www.albilegeant.com\/articles\/wp-content\/uploads\/2016\/07\/mazda-3-2.jpg\" alt=\"Mazda3 2017\" width=\"2000\" height=\"1415\" \/><\/a><\/p>\n<p>La grande nouvelle cependant, c\u2019est l&rsquo;ajout d&rsquo;une nouvelle technologie appel\u00e9e <strong>contr\u00f4le G-Vectoring<\/strong>, ou contr\u00f4le vectoriel de la force G dont nous vous avions d\u00e9j\u00e0 parl\u00e9 <a href=\"http:\/\/www.albilegeant.com\/articles\/actualites\/mazda-gvc-ou-comment-ajouter-du-vroum-vroum\/\" target=\"_blank\">(voir l\u2019article complet ici)<\/a>. La Mazda3 est donc le premier v\u00e9hicule \u00e0 recevoir cette nouvelle technologie \u2013 bien que l\u2019on ait cru que la Mazda6 le serait.<\/p>\n<p>Mais l\u2019arriv\u00e9e du GVC n\u2019est en fait qu\u2019un premier pas vers l\u2019avant pour Mazda qui inaugure ainsi le Skyactiv vehicle dynamics, un ensemble de syst\u00e8mes technologiques en cours de d\u00e9veloppement qui permettra d\u2019am\u00e9liorer la conduite de tous les membres de la famille Mazda qui recevront ce type de technologie au fur et \u00e0 mesure de leur renouvellement.<\/p>\n<p>Ce nouveau groupe d\u2019\u00e9l\u00e9ments technologiques affectera des \u00e9l\u00e9ments tels que le moteur, la transmission, le ch\u00e2ssis et la direction. Ainsi, le GVC (contr\u00f4le vectoriel de la force) utilise le moteur pour am\u00e9liorer les performances du ch\u00e2ssis. Il contr\u00f4le le niveau du couple moteur en fonction des entr\u00e9es de la direction, afin de contr\u00f4ler la charge verticale sur chaque essieu et ainsi am\u00e9liorer la traction.<\/p>\n<p>La Mazda 3 est mis \u00e0 jour et sera disponible chez <a href=\"http:\/\/www.albimazda.com\/fr\" target=\"_blank\">ALBI Mazda<\/a> avant la fin de l\u2019ann\u00e9e 2016.<\/p>\n<p>Sachez cependant que, m\u00e9caniquement, la voiture ne sera pas modifi\u00e9e. \u00a0Elle continuera d&rsquo;offrir 155 chevaux avec son moteur de 2,0 litres \u00e0 4 cylindres en version de base, et un de 2,5 litres \u00e0 4 cylindres de 184 chevaux pour ceux qui recherchent plus de punch. Malheureusement, aucune version de la Mazdaspeed3 n\u2019a encore \u00e9t\u00e9 mise au programme.<\/p>\n","protected":false},"excerpt":{"rendered":"<p>C\u2019est au Japon que l\u2019on a proc\u00e9d\u00e9, il y a quelques heures \u00e0 peine au d\u00e9voilement de la nouvelle Mazda3 2017, appel\u00e9e Axela au pays du soleil levant. Esth\u00e9tiquement, les nuances sont peu importantes avec la version actuelle, mais en mati\u00e8re de technologie, la Mazda3 2017 innove.<\/p>\n","protected":false},"author":5,"featured_media":0,"comment_status":"open","ping_status":"open","sticky":false,"template":"","format":"standard","meta":{"footnotes":""},"categories":[5],"tags":[777],"class_list":["post-9115","post","type-post","status-publish","format-standard","hentry","category-actualites","tag-mazdaactualites"],"_links":{"self":[{"href":"https:\/\/www.albilegeant.com\/articles\/wp-json\/wp\/v2\/posts\/9115","targetHints":{"allow":["GET"]}}],"collection":[{"href":"https:\/\/www.albilegeant.com\/articles\/wp-json\/wp\/v2\/posts"}],"about":[{"href":"https:\/\/www.albilegeant.com\/articles\/wp-json\/wp\/v2\/types\/post"}],"author":[{"embeddable":true,"href":"https:\/\/www.albilegeant.com\/articles\/wp-json\/wp\/v2\/users\/5"}],"replies":[{"embeddable":true,"href":"https:\/\/www.albilegeant.com\/articles\/wp-json\/wp\/v2\/comments?post=9115"}],"version-history":[{"count":0,"href":"https:\/\/www.albilegeant.com\/articles\/wp-json\/wp\/v2\/posts\/9115\/revisions"}],"wp:attachment":[{"href":"https:\/\/www.albilegeant.com\/articles\/wp-json\/wp\/v2\/media?parent=9115"}],"wp:term":[{"taxonomy":"category","embeddable":true,"href":"https:\/\/www.albilegeant.com\/articles\/wp-json\/wp\/v2\/categories?post=9115"},{"taxonomy":"post_tag","embeddable":true,"href":"https:\/\/www.albilegeant.com\/articles\/wp-json\/wp\/v2\/tags?post=9115"}],"curies":[{"name":"wp","href":"https:\/\/api.w.org\/{rel}","templated":true}]}}