{"id":9147,"date":"2016-07-29T13:30:34","date_gmt":"2016-07-29T17:30:34","guid":{"rendered":"http:\/\/www.albilegeant.com\/articles\/?p=9147"},"modified":"2020-09-17T15:53:09","modified_gmt":"2020-09-17T19:53:09","slug":"top-5-des-voitures-familiales-qui-ne-sont-pas-des-minifourgonnettes","status":"publish","type":"post","link":"https:\/\/www.albilegeant.com\/articles\/blogue\/top-5-des-voitures-familiales-qui-ne-sont-pas-des-minifourgonnettes\/","title":{"rendered":"Top 5 des voitures familiales qui ne sont pas des minifourgonnettes"},"content":{"rendered":"<p>Personne n\u2019aime conduire une minifourgonnette (quoique cela pourrait bien changer quand vous aurez essay\u00e9 la toute nouvelle <a href=\"http:\/\/www.albioccasion.com\/inventaire\/chrysler-pacifica\/?utm_source=blog&amp;utm_medium=referral&amp;utm_campaign=Blog_ALBI\" target=\"_blank\" rel=\"noopener noreferrer\">Chrysler Pacifica<\/a>). Ce n\u2019est pas que ce genre de voiture soit mauvais, bien au contraire. C\u2019est que l\u2019on a trop longtemps associ\u00e9 les minifourgonnettes \u00e0 des v\u00e9hicules ennuyeux, r\u00e9serv\u00e9s aux Mamans de soccer.<\/p>\n<p>C\u2019est pourquoi les constructeurs d\u00e9bordent d\u2019imagination pour trouver des alternatives int\u00e9ressantes. De l\u2019<strong>utilitaire sport<\/strong> capable de recevoir 7 passagers au petit multisegement pratique, les options sont quasi illimit\u00e9es. Voici donc notre choix des cinq v\u00e9hicules familiaux qui vont vous \u00e9viter de conduire une minifourgonnette.<\/p>\n<p><strong>Mazda 5<\/strong><\/p>\n<p><a href=\"http:\/\/www.albilegeant.com\/articles\/wp-content\/uploads\/2016\/07\/mazda-5-2016.jpg\"><img loading=\"lazy\" decoding=\"async\" class=\"aligncenter size-full wp-image-9149\" src=\"http:\/\/www.albilegeant.com\/articles\/wp-content\/uploads\/2016\/07\/mazda-5-2016.jpg\" alt=\"mazda 5 \" width=\"1800\" height=\"1201\" \/><\/a><\/p>\n<p>On le sait, on commence \u00e0 la limite du raisonnable. Oui, elle affiche les portes coulissantes des minifourgonnettes, mais sa petite taille et sa conduite plus sportive, incluant la disponibilit\u00e9 d\u2019une transmission manuelle, la classent dans une cat\u00e9gorie \u00e0 part. La <a href=\"http:\/\/www.albioccasion.com\/inventaire\/mazda-mazda5\/?utm_source=blog&amp;utm_medium=referral&amp;utm_campaign=Blog_ALBI\" target=\"_blank\" rel=\"noopener noreferrer\">Mazda5<\/a> peut accueillir jusqu\u2019\u00e0 6 passagers.<\/p>\n<p><strong>Kia Rondo<\/strong><\/p>\n<p><a href=\"http:\/\/www.albilegeant.com\/articles\/wp-content\/uploads\/2016\/07\/kia-rondo.jpg\"><img loading=\"lazy\" decoding=\"async\" class=\"aligncenter size-full wp-image-9150\" src=\"http:\/\/www.albilegeant.com\/articles\/wp-content\/uploads\/2016\/07\/kia-rondo.jpg\" alt=\"Kia Rondo\" width=\"800\" height=\"529\" \/><\/a><\/p>\n<p>La <a href=\"http:\/\/www.albioccasion.com\/inventaire\/kia-rondo\/?utm_source=blog&amp;utm_medium=referral&amp;utm_campaign=Blog_ALBI\" target=\"_blank\" rel=\"noopener noreferrer\">Kia Rondo<\/a> est diff\u00e9rente. Elle peut recevoir jusqu\u2019\u00e0 7 passagers dans certaines configurations, offre une conduite agr\u00e9able et surtout, affiche le style distinctif de la famille Kia. En revanche, oubliez les portes coulissantes de la minifourgonnette traditionnelle. Ses porti\u00e8res traditionnelles la distinguent.<\/p>\n<p><strong>Hyundai Santa Fe XL<\/strong><\/p>\n<p><a href=\"http:\/\/www.albilegeant.com\/articles\/wp-content\/uploads\/2016\/07\/hyundai-santa-fe-xl.jpg\"><img loading=\"lazy\" decoding=\"async\" class=\"aligncenter size-full wp-image-9151\" src=\"http:\/\/www.albilegeant.com\/articles\/wp-content\/uploads\/2016\/07\/hyundai-santa-fe-xl.jpg\" alt=\"Santa Fe\" width=\"730\" height=\"480\" \/><\/a><\/p>\n<p>Le Hyundai <a href=\"http:\/\/www.albihyundai.com\/fr\/vehicules-neufs\/hyundai\/santa-fe-sport\" target=\"_blank\" rel=\"noopener noreferrer\">Santa Fe<\/a> a deux personnalit\u00e9s\u00a0: en version sport, il est un utilitaire sport plus que respectable. En version XL, il est surtout plus long de 21,5 cm sur un empattement qui a lui-m\u00eame gagn\u00e9 10 cm. Il est plus large et haut de 5 et 10 millim\u00e8tres, exactement. Tout \u00e7a pour installer une banquette escamotable \u00e0 la troisi\u00e8me rang\u00e9e et faire passer le nombre de places \u00e0 6 ou 7. Agr\u00e9able et efficace, il propose un excellent rapport qualit\u00e9 prix.<\/p>\n<p><strong>Nissan Pathfinder<\/strong><\/p>\n<p><a href=\"http:\/\/www.albilegeant.com\/articles\/wp-content\/uploads\/2016\/07\/2017_nissan_pathfinder_18.jpg\"><img loading=\"lazy\" decoding=\"async\" class=\"aligncenter size-full wp-image-9152\" src=\"http:\/\/www.albilegeant.com\/articles\/wp-content\/uploads\/2016\/07\/2017_nissan_pathfinder_18.jpg\" alt=\"Nissan Pathfinder\" width=\"1200\" height=\"800\" \/><\/a><\/p>\n<p>Il est plus grand, plus gros, et propose le plus vaste espace int\u00e9rieur de sa cat\u00e9gorie. N\u2019est-ce pas exactement ce dont on a besoin quand on d\u00e9cide de partir en famille? Il accueille 7 passagers en tout confort (et m\u00eame avec les bagages), mais dispose d\u2019un rouage int\u00e9gral digne des plus grands hors-route.<\/p>\n<p><a href=\"http:\/\/www.albioccasion.com\/inventaire\/ford-explorer\/?utm_source=blog&amp;utm_medium=referral&amp;utm_campaign=Blog_ALBI\" target=\"_blank\" rel=\"noopener noreferrer\"><strong>Ford Explorer<\/strong><\/a><\/p>\n<p><a href=\"http:\/\/www.albilegeant.com\/articles\/wp-content\/uploads\/2016\/07\/ford-explorer.jpg\"><img loading=\"lazy\" decoding=\"async\" class=\"aligncenter size-full wp-image-9153\" src=\"http:\/\/www.albilegeant.com\/articles\/wp-content\/uploads\/2016\/07\/ford-explorer.jpg\" alt=\"Ford Explorer\" width=\"960\" height=\"540\" \/><\/a><\/p>\n<p>C\u2019est le style qui distingue le Ford Explorer de ses rivaux. Am\u00e9lior\u00e9 en 2016, il propose quand m\u00eame un vaste espace int\u00e9rieur, des capacit\u00e9s hors route digne de mention et trois m\u00e9caniques diff\u00e9rentes aux cotes d\u2019\u00e9conomies impressionnantes. Disons une fourgonnette aux st\u00e9ro\u00efdes!<\/p>\n","protected":false},"excerpt":{"rendered":"<p>Personne n\u2019aime conduire une minifourgonnette (quoique cela pourrait bien changer quand vous aurez essay\u00e9 la toute nouvelle Chrysler Pacifica). Ce n\u2019est pas que ce genre de voiture soit mauvais, bien au contraire. C\u2019est que l\u2019on a trop longtemps associ\u00e9 les minifourgonnettes \u00e0 des v\u00e9hicules ennuyeux, r\u00e9serv\u00e9s aux Mamans de soccer. C\u2019est pourquoi les constructeurs d\u00e9bordent [&hellip;]<\/p>\n","protected":false},"author":5,"featured_media":0,"comment_status":"open","ping_status":"open","sticky":false,"template":"","format":"standard","meta":{"footnotes":""},"categories":[6],"tags":[],"class_list":["post-9147","post","type-post","status-publish","format-standard","hentry","category-blogue"],"_links":{"self":[{"href":"https:\/\/www.albilegeant.com\/articles\/wp-json\/wp\/v2\/posts\/9147","targetHints":{"allow":["GET"]}}],"collection":[{"href":"https:\/\/www.albilegeant.com\/articles\/wp-json\/wp\/v2\/posts"}],"about":[{"href":"https:\/\/www.albilegeant.com\/articles\/wp-json\/wp\/v2\/types\/post"}],"author":[{"embeddable":true,"href":"https:\/\/www.albilegeant.com\/articles\/wp-json\/wp\/v2\/users\/5"}],"replies":[{"embeddable":true,"href":"https:\/\/www.albilegeant.com\/articles\/wp-json\/wp\/v2\/comments?post=9147"}],"version-history":[{"count":5,"href":"https:\/\/www.albilegeant.com\/articles\/wp-json\/wp\/v2\/posts\/9147\/revisions"}],"predecessor-version":[{"id":14114,"href":"https:\/\/www.albilegeant.com\/articles\/wp-json\/wp\/v2\/posts\/9147\/revisions\/14114"}],"wp:attachment":[{"href":"https:\/\/www.albilegeant.com\/articles\/wp-json\/wp\/v2\/media?parent=9147"}],"wp:term":[{"taxonomy":"category","embeddable":true,"href":"https:\/\/www.albilegeant.com\/articles\/wp-json\/wp\/v2\/categories?post=9147"},{"taxonomy":"post_tag","embeddable":true,"href":"https:\/\/www.albilegeant.com\/articles\/wp-json\/wp\/v2\/tags?post=9147"}],"curies":[{"name":"wp","href":"https:\/\/api.w.org\/{rel}","templated":true}]}}