{"id":9463,"date":"2016-12-01T16:36:14","date_gmt":"2016-12-01T21:36:14","guid":{"rendered":"http:\/\/www.albilegeant.com\/articles\/?p=9463"},"modified":"2016-12-01T16:41:52","modified_gmt":"2016-12-01T21:41:52","slug":"mazda-la-compagnie-la-plus-verte-en-amerique","status":"publish","type":"post","link":"https:\/\/www.albilegeant.com\/articles\/actualites\/mazda-la-compagnie-la-plus-verte-en-amerique\/","title":{"rendered":"Mazda, la compagnie la plus verte en Am\u00e9rique"},"content":{"rendered":"<p>L\u2019agence am\u00e9ricaine de protection de l\u2019environnement (EPA) a de nouveau mis \u00e0 l\u2019honneur Mazda dans sa derni\u00e8re \u00e9tude, bas\u00e9e sur des donn\u00e9es de l\u2019ann\u00e9e 2015, intitul\u00e9e \u00ab\u00a0Light Duty Fuel Economy Trends Report\u00a0\u00bb. C\u2019est la quatri\u00e8me ann\u00e9e cons\u00e9cutive que le constructeur japonais m\u00e9rite cette palme, une d\u00e9cision qui \u00e9tonne alors que Mazda ne propose aucune voiture \u00e9lectrique ou hybride.<!--more--><\/p>\n<p>La r\u00e9alit\u00e9, c\u2019est que ce sont les technologies SkyActiv qui ont permis \u00e0 Mazda de se hisser au sommet. Technologies qui seront encore plus efficaces au cours des prochaines ann\u00e9es, notamment avec le nouvel utilitaire sport Mazda CX-5 qui sera offert avec une motorisation diesel.<\/p>\n<p>Le classement \u00e9tabli par l\u2019EPA a \u00e9t\u00e9 effectu\u00e9 sur la base de l\u2019analyse de plus de 100.000 v\u00e9hicules \u00e9coul\u00e9s sur une ann\u00e9e pleine. <strong>Mazda se retrouve donc \u00e0 la premi\u00e8re place avec une moyenne de 7,95 l \/100 km pour l\u2019ensemble de sa gamme<\/strong>, alors que a moyenne g\u00e9n\u00e9rale du secteur s\u2019\u00e9tablissant \u00e0 9,4 l\/100 km.<\/p>\n<p>Sur le march\u00e9 nord-am\u00e9ricain, Mazda commercialise huit mod\u00e8les tous \u00e9quip\u00e9s des technologies Skyactiv (ch\u00e2ssis, motorisations et transmissions) avec des v\u00e9hicules au poids le plus r\u00e9duit possible.<\/p>\n<p>Outre la consommation de carburant, l\u2019EPA a \u00e9galement reconnu que Mazda a enregistr\u00e9 la plus basse cote d\u2019\u00e9missions de CO2 avec 300 grammes par milles. Une performance qui est particuli\u00e8rement importante puisqu\u2019elle permet de placer Mazda parmi les compagnies les plus sensibles \u00e0 la cause environnementale.<\/p>\n<p>Rappelons qu\u2019au cours des prochains mois, Mazda va non seulement poursuivre sur sa lanc\u00e9e \u00e9cologique avec les motorisations SkyActiv mais ajoutera \u00e9galement une nouvelle dynamique de conduite avec des syst\u00e8mes comme le <a title=\"Mazda GVC, ou comment ajouter du Vroum Vroum\" href=\"http:\/\/www.albilegeant.com\/articles\/actualites\/mazda-gvc-ou-comment-ajouter-du-vroum-vroum\/\" target=\"_blank\">contr\u00f4le vectoriel des forces G <\/a>qui sera offerte de s\u00e9rie sur les Mazda3 et Mazda6 2017, de m\u00eame que sur le nouveau Mazda CX-5 d\u00e8s qu\u2019il sera disponible.<\/p>\n<p>Le m\u00eame syst\u00e8me sera ensuite \u00e9largi \u00e0 la totalit\u00e9 de la gamme. Int\u00e9ress\u00e9 par un v\u00e9hicule \u00e9co\u00e9nerg\u00e9tique? Prenez rendez-vous dans l&rsquo;une de nos 3<a href=\"http:\/\/www.albimazda.com\" target=\"_blank\"> concessions ALBI Mazda<\/a>.<\/p>\n","protected":false},"excerpt":{"rendered":"<p>L\u2019agence am\u00e9ricaine de protection de l\u2019environnement (EPA) a de nouveau mis \u00e0 l\u2019honneur Mazda dans sa derni\u00e8re \u00e9tude, bas\u00e9e sur des donn\u00e9es de l\u2019ann\u00e9e 2015, intitul\u00e9e \u00ab\u00a0Light Duty Fuel Economy Trends Report\u00a0\u00bb. C\u2019est la quatri\u00e8me ann\u00e9e cons\u00e9cutive que le constructeur japonais m\u00e9rite cette palme, une d\u00e9cision qui \u00e9tonne alors que Mazda ne propose aucune voiture [&hellip;]<\/p>\n","protected":false},"author":5,"featured_media":0,"comment_status":"open","ping_status":"open","sticky":false,"template":"","format":"standard","meta":{"footnotes":""},"categories":[5],"tags":[800,8,777],"class_list":["post-9463","post","type-post","status-publish","format-standard","hentry","category-actualites","tag-epa","tag-mazda","tag-mazdaactualites"],"_links":{"self":[{"href":"https:\/\/www.albilegeant.com\/articles\/wp-json\/wp\/v2\/posts\/9463","targetHints":{"allow":["GET"]}}],"collection":[{"href":"https:\/\/www.albilegeant.com\/articles\/wp-json\/wp\/v2\/posts"}],"about":[{"href":"https:\/\/www.albilegeant.com\/articles\/wp-json\/wp\/v2\/types\/post"}],"author":[{"embeddable":true,"href":"https:\/\/www.albilegeant.com\/articles\/wp-json\/wp\/v2\/users\/5"}],"replies":[{"embeddable":true,"href":"https:\/\/www.albilegeant.com\/articles\/wp-json\/wp\/v2\/comments?post=9463"}],"version-history":[{"count":0,"href":"https:\/\/www.albilegeant.com\/articles\/wp-json\/wp\/v2\/posts\/9463\/revisions"}],"wp:attachment":[{"href":"https:\/\/www.albilegeant.com\/articles\/wp-json\/wp\/v2\/media?parent=9463"}],"wp:term":[{"taxonomy":"category","embeddable":true,"href":"https:\/\/www.albilegeant.com\/articles\/wp-json\/wp\/v2\/categories?post=9463"},{"taxonomy":"post_tag","embeddable":true,"href":"https:\/\/www.albilegeant.com\/articles\/wp-json\/wp\/v2\/tags?post=9463"}],"curies":[{"name":"wp","href":"https:\/\/api.w.org\/{rel}","templated":true}]}}