{"id":9485,"date":"2016-12-08T10:48:55","date_gmt":"2016-12-08T15:48:55","guid":{"rendered":"http:\/\/www.albilegeant.com\/articles\/?p=9485"},"modified":"2020-12-11T15:23:50","modified_gmt":"2020-12-11T20:23:50","slug":"autos-pb-rejoint-la-grande-famille-du-groupe-albi-le-geant","status":"publish","type":"post","link":"https:\/\/www.albilegeant.com\/articles\/medias\/autos-pb-rejoint-la-grande-famille-du-groupe-albi-le-geant\/","title":{"rendered":"Autos PB rejoint la grande famille du Groupe ALBI le G\u00e9ant!"},"content":{"rendered":"<p><strong>Mascouche, QU\u00c9BEC \u2013 8 d\u00e9cembre 2016<\/strong> &#8211; Le Groupe ALBI le G\u00e9ant est tr\u00e8s heureux d&rsquo;annoncer l&rsquo;acquisition d&rsquo;Autos PB, la seule entreprise d&rsquo;autos d&rsquo;occasion qui s&rsquo;est m\u00e9rit\u00e9e le Prix de l&rsquo;Ordre du M\u00e9rite du Qu\u00e9bec en 2004 pour sa gestion exemplaire et la qualit\u00e9 de ses produits. <!--more-->Avec cette acquisition, dans la r\u00e9gion de Laval, le Groupe ALBI le G\u00e9ant confirme de fa\u00e7on significative sa position enviable dans l&rsquo;industrie de la revente de <a href=\"https:\/\/www.albioccasion.com\/?utm_source=blog&amp;utm_medium=referral&amp;utm_campaign=Blog_ALBI\" data-wplink-edit=\"true\">v\u00e9hicules d&rsquo;occasion<\/a>.<\/p>\n<p>Autos PB est une entreprise familiale qui a \u00e9t\u00e9 fond\u00e9e en 1967 par Pierre Beauvais, un passionn\u00e9 de la vente de voitures d&rsquo;occasion en mettant l\u2019accent sur sa profonde volont\u00e9 d&rsquo;offrir des v\u00e9hicules de grande qualit\u00e9 et un service \u00e0 la client\u00e8le impeccable. Christian Beauvais, le fils du fondateur, a repris les r\u00eanes de l\u2019entreprise plusieurs ann\u00e9es plus tard.<\/p>\n<p>Ce sont actuellement plus de 400 v\u00e9hicules, repr\u00e9sentant plus de dix-neuf marques. Ce qui sont expos\u00e9s \u00e0 l&rsquo;int\u00e9rieur de ses diverses installations d\u2019Autos PB. La client\u00e8le aura maintenant acc\u00e8s \u00e0 tout le r\u00e9seau de v\u00e9hicules d\u2019ALBI Occasion, ce qui repr\u00e9sente pr\u00e8s de 1 500 voitures r\u00e9parties dans les concessions \u00e0 Mascouche, Mont-Tremblant, St-J\u00e9r\u00f4me et Joliette et maintenant Laval.<\/p>\n<h2>L&rsquo;acquisition de Autos PB Laval<\/h2>\n<p>\u00abEn plus de confirmer notre d\u00e9termination de fournir la plus grande offre de v\u00e9hicules d&rsquo;occasion \u00e0 notre client\u00e8le, repr\u00e9sente \u00e9galement l&rsquo;union de deux entreprises fond\u00e9es par des hommes de c\u0153ur et des passionn\u00e9s d&rsquo;automobile. Tout comme chez ALBI, les coll\u00e8gues d&rsquo;Autos PB travaillent avec acharnement pour offrir un service exceptionnel et des v\u00e9hicules qui r\u00e9pondent parfaitement aux besoins et aux attentes de leur client\u00e8le. Nous sommes heureux de souhaiter la bienvenue aux nouveaux coll\u00e8gues qui font maintenant partie de notre grande famille \u00bb, souligne M. Denis Leclerc, pr\u00e9sident du Groupe ALBI le G\u00e9ant.<\/p>\n<p>Le Groupe int\u00e9grera au sein d&rsquo;Autos PB la philosophie, qui le distingue des autres groupes de concessions, c&rsquo;est-\u00e0-dire traiter les gens comme ils aimeraient \u00eatre trait\u00e9s, traiter les clients comme des invit\u00e9s et les coll\u00e8gues comme des alli\u00e9s, tout \u00e7a avec respect, transparence et beaucoup de c\u0153ur.<\/p>\n<p>\u00ab Cette association avec le Groupe ALBI le G\u00e9ant est toute naturelle pour Autos PB, deux entreprises qui placent leurs clients au premier plan de leurs priorit\u00e9s. Faire partie de la famille ALBI est pour nous un gage de qualit\u00e9 et de confiance et cette int\u00e9gration nous permettra d&rsquo;avoir acc\u00e8s \u00e0 la force d&rsquo;un groupe afin d&rsquo;offrir une exp\u00e9rience encore plus valorisante \u00e0 notre client\u00e8le \u00bb, d\u00e9clare M. Marc Bergeron, vice- pr\u00e9sident d&rsquo;Autos PB.<\/p>\n<p>L&rsquo;acquisition a eu lieu en le 1<sup>er<\/sup> d\u00e9cembre dernier et le fusionnement des deux entreprises se d\u00e9roulera de fa\u00e7on naturelle et harmonieuse dans les prochaines semaines. Autos PB offrira aussi le service de deuxi\u00e8me chance au cr\u00e9dit du groupe ALBI le G\u00e9ant, connu sous le nom de <a href=\"https:\/\/www.albiautocredit.com\/fr\/promos\/credit\">ALBI Auto Cr\u00e9dit<\/a>. Ce sont une soixantaine de coll\u00e8gues d&rsquo;Autos PB qui se joignent aux effectifs du Groupe ALBI le G\u00e9ant qui comptait d\u00e9j\u00e0 pr\u00e8s de 1 100 coll\u00e8gues.<\/p>\n","protected":false},"excerpt":{"rendered":"<p>Mascouche, QU\u00c9BEC \u2013 8 d\u00e9cembre 2016 &#8211; Le Groupe ALBI le G\u00e9ant est tr\u00e8s heureux d&rsquo;annoncer l&rsquo;acquisition d&rsquo;Autos PB, la seule entreprise d&rsquo;autos d&rsquo;occasion qui s&rsquo;est m\u00e9rit\u00e9e le Prix de l&rsquo;Ordre du M\u00e9rite du Qu\u00e9bec en 2004 pour sa gestion exemplaire et la qualit\u00e9 de ses produits.<\/p>\n","protected":false},"author":5,"featured_media":14578,"comment_status":"open","ping_status":"open","sticky":false,"template":"","format":"standard","meta":{"footnotes":""},"categories":[276],"tags":[81],"class_list":["post-9485","post","type-post","status-publish","format-standard","has-post-thumbnail","hentry","category-medias","tag-albi-occasion"],"_links":{"self":[{"href":"https:\/\/www.albilegeant.com\/articles\/wp-json\/wp\/v2\/posts\/9485","targetHints":{"allow":["GET"]}}],"collection":[{"href":"https:\/\/www.albilegeant.com\/articles\/wp-json\/wp\/v2\/posts"}],"about":[{"href":"https:\/\/www.albilegeant.com\/articles\/wp-json\/wp\/v2\/types\/post"}],"author":[{"embeddable":true,"href":"https:\/\/www.albilegeant.com\/articles\/wp-json\/wp\/v2\/users\/5"}],"replies":[{"embeddable":true,"href":"https:\/\/www.albilegeant.com\/articles\/wp-json\/wp\/v2\/comments?post=9485"}],"version-history":[{"count":3,"href":"https:\/\/www.albilegeant.com\/articles\/wp-json\/wp\/v2\/posts\/9485\/revisions"}],"predecessor-version":[{"id":14577,"href":"https:\/\/www.albilegeant.com\/articles\/wp-json\/wp\/v2\/posts\/9485\/revisions\/14577"}],"wp:featuredmedia":[{"embeddable":true,"href":"https:\/\/www.albilegeant.com\/articles\/wp-json\/wp\/v2\/media\/14578"}],"wp:attachment":[{"href":"https:\/\/www.albilegeant.com\/articles\/wp-json\/wp\/v2\/media?parent=9485"}],"wp:term":[{"taxonomy":"category","embeddable":true,"href":"https:\/\/www.albilegeant.com\/articles\/wp-json\/wp\/v2\/categories?post=9485"},{"taxonomy":"post_tag","embeddable":true,"href":"https:\/\/www.albilegeant.com\/articles\/wp-json\/wp\/v2\/tags?post=9485"}],"curies":[{"name":"wp","href":"https:\/\/api.w.org\/{rel}","templated":true}]}}