{"id":954,"date":"2014-09-05T09:54:16","date_gmt":"2014-09-05T13:54:16","guid":{"rendered":"http:\/\/www.albilegeant.com\/articles\/?p=954"},"modified":"2019-02-28T09:56:10","modified_gmt":"2019-02-28T14:56:10","slug":"mazdaspeed-vroum-vroum-mazda-meilleur","status":"publish","type":"post","link":"https:\/\/www.albilegeant.com\/articles\/blogue\/mazdaspeed-vroum-vroum-mazda-meilleur\/","title":{"rendered":"Mazdaspeed : le Vroum-Vroum Mazda \u00e0 son meilleur"},"content":{"rendered":"<p>Nous vous parlions, il y a quelques mois, d\u2019une r<a title=\"Patience pour la Mazdaspeed3\" href=\"http:\/\/www.albilegeant.com\/articles\/actualites\/patience-pour-la-mazdaspeed3\/\">umeur \u00e0 l\u2019effet que la <strong>Mazdaspeed3<\/strong> fasse un retour en force en 2017<\/a>, puisqu\u2019elle a \u00e9t\u00e9 retir\u00e9e du march\u00e9 pour l\u2019ann\u00e9e-mod\u00e8le 2014. <!--more--><\/p>\n\n\t\t<style type=\"text\/css\">\n\t\t\t#gallery-1 {\n\t\t\t\tmargin: auto;\n\t\t\t}\n\t\t\t#gallery-1 .gallery-item {\n\t\t\t\tfloat: left;\n\t\t\t\tmargin-top: 10px;\n\t\t\t\ttext-align: center;\n\t\t\t\twidth: 33%;\n\t\t\t}\n\t\t\t#gallery-1 img {\n\t\t\t\tborder: 2px solid #cfcfcf;\n\t\t\t}\n\t\t\t#gallery-1 .gallery-caption {\n\t\t\t\tmargin-left: 0;\n\t\t\t}\n\t\t\t\/* see gallery_shortcode() in wp-includes\/media.php *\/\n\t\t<\/style>\n\t\t<div id='gallery-1' class='gallery galleryid-954 gallery-columns-3 gallery-size-thumbnail'><dl class='gallery-item'>\n\t\t\t<dt class='gallery-icon landscape'>\n\t\t\t\t<a href='https:\/\/www.albilegeant.com\/articles\/moteur-2\/'><img loading=\"lazy\" decoding=\"async\" width=\"150\" height=\"150\" src=\"https:\/\/www.albilegeant.com\/articles\/wp-content\/uploads\/2014\/09\/moteur-150x150.jpg\" class=\"attachment-thumbnail size-thumbnail\" alt=\"Moteur MZR 2.3L Turbo Mazdaspeed3 2011\" aria-describedby=\"gallery-1-965\" \/><\/a>\n\t\t\t<\/dt>\n\t\t\t\t<dd class='wp-caption-text gallery-caption' id='gallery-1-965'>\n\t\t\t\tMoteur Mazdaspeed3 2011\n\t\t\t\t<\/dd><\/dl><dl class='gallery-item'>\n\t\t\t<dt class='gallery-icon landscape'>\n\t\t\t\t<a href='https:\/\/www.albilegeant.com\/articles\/blogue\/mazdaspeed-vroum-vroum-mazda-meilleur\/attachment\/photo\/'><img loading=\"lazy\" decoding=\"async\" width=\"150\" height=\"150\" src=\"https:\/\/www.albilegeant.com\/articles\/wp-content\/uploads\/2014\/09\/photo-150x150.jpg\" class=\"attachment-thumbnail size-thumbnail\" alt=\"\" aria-describedby=\"gallery-1-971\" \/><\/a>\n\t\t\t<\/dt>\n\t\t\t\t<dd class='wp-caption-text gallery-caption' id='gallery-1-971'>\n\t\t\t\tMazdaspeed3 2011, calandre\n\t\t\t\t<\/dd><\/dl><dl class='gallery-item'>\n\t\t\t<dt class='gallery-icon landscape'>\n\t\t\t\t<a href='https:\/\/www.albilegeant.com\/articles\/13_mspeed3_outdoor1_red-jpg\/'><img loading=\"lazy\" decoding=\"async\" width=\"150\" height=\"150\" src=\"https:\/\/www.albilegeant.com\/articles\/wp-content\/uploads\/2014\/09\/13_MSpeed3_Outdoor1_Red.jpg-150x150.jpg\" class=\"attachment-thumbnail size-thumbnail\" alt=\"Mazdaspeed3_ext\u00e9rieur\" aria-describedby=\"gallery-1-969\" \/><\/a>\n\t\t\t<\/dt>\n\t\t\t\t<dd class='wp-caption-text gallery-caption' id='gallery-1-969'>\n\t\t\t\tMazdaspeed3 couverture de brochure 2011\n\t\t\t\t<\/dd><\/dl><br style=\"clear: both\" \/><dl class='gallery-item'>\n\t\t\t<dt class='gallery-icon landscape'>\n\t\t\t\t<a href='https:\/\/www.albilegeant.com\/articles\/13_mspeed3_3qr_red-jpg\/'><img loading=\"lazy\" decoding=\"async\" width=\"150\" height=\"150\" src=\"https:\/\/www.albilegeant.com\/articles\/wp-content\/uploads\/2014\/09\/13_MSpeed3_3QR_Red.jpg-150x150.jpg\" class=\"attachment-thumbnail size-thumbnail\" alt=\"Mazdaspeed3 de dos\" aria-describedby=\"gallery-1-968\" \/><\/a>\n\t\t\t<\/dt>\n\t\t\t\t<dd class='wp-caption-text gallery-caption' id='gallery-1-968'>\n\t\t\t\tMazdaspeed3, brochure 2011\n\t\t\t\t<\/dd><\/dl><dl class='gallery-item'>\n\t\t\t<dt class='gallery-icon portrait'>\n\t\t\t\t<a href='https:\/\/www.albilegeant.com\/articles\/photo-4\/'><img loading=\"lazy\" decoding=\"async\" width=\"150\" height=\"150\" src=\"https:\/\/www.albilegeant.com\/articles\/wp-content\/uploads\/2014\/09\/photo-4-150x150.jpg\" class=\"attachment-thumbnail size-thumbnail\" alt=\"Pommeau de vitesse Mazdaspeed3 2011\" aria-describedby=\"gallery-1-966\" \/><\/a>\n\t\t\t<\/dt>\n\t\t\t\t<dd class='wp-caption-text gallery-caption' id='gallery-1-966'>\n\t\t\t\tPommeau, Mazdaspeed3 2011\n\t\t\t\t<\/dd><\/dl><dl class='gallery-item'>\n\t\t\t<dt class='gallery-icon landscape'>\n\t\t\t\t<a href='https:\/\/www.albilegeant.com\/articles\/photo-2\/'><img loading=\"lazy\" decoding=\"async\" width=\"150\" height=\"150\" src=\"https:\/\/www.albilegeant.com\/articles\/wp-content\/uploads\/2014\/09\/photo-2-150x150.jpg\" class=\"attachment-thumbnail size-thumbnail\" alt=\"\u00c9cusson Mazdaspeed3\" aria-describedby=\"gallery-1-963\" \/><\/a>\n\t\t\t<\/dt>\n\t\t\t\t<dd class='wp-caption-text gallery-caption' id='gallery-1-963'>\n\t\t\t\t\u00c9cusson arri\u00e8re Mazdaspeed3 2011\n\t\t\t\t<\/dd><\/dl><br style=\"clear: both\" \/><dl class='gallery-item'>\n\t\t\t<dt class='gallery-icon landscape'>\n\t\t\t\t<a href='https:\/\/www.albilegeant.com\/articles\/blogue\/mazdaspeed-vroum-vroum-mazda-meilleur\/attachment\/mazda_speed_6\/'><img loading=\"lazy\" decoding=\"async\" width=\"150\" height=\"150\" src=\"https:\/\/www.albilegeant.com\/articles\/wp-content\/uploads\/2014\/09\/Mazda_Speed_6-150x150.jpg\" class=\"attachment-thumbnail size-thumbnail\" alt=\"MazdaSpeed6\" aria-describedby=\"gallery-1-974\" \/><\/a>\n\t\t\t<\/dt>\n\t\t\t\t<dd class='wp-caption-text gallery-caption' id='gallery-1-974'>\n\t\t\t\tMazdaspeed6\n\t\t\t\t<\/dd><\/dl><dl class='gallery-item'>\n\t\t\t<dt class='gallery-icon landscape'>\n\t\t\t\t<a href='https:\/\/www.albilegeant.com\/articles\/blogue\/mazdaspeed-vroum-vroum-mazda-meilleur\/attachment\/img_mazdaspd_veh_perf_ms6\/'><img loading=\"lazy\" decoding=\"async\" width=\"150\" height=\"150\" src=\"https:\/\/www.albilegeant.com\/articles\/wp-content\/uploads\/2014\/09\/img_mazdaspd_veh_perf_MS6-150x150.jpg\" class=\"attachment-thumbnail size-thumbnail\" alt=\"Mazdaspeed6 de dos\" aria-describedby=\"gallery-1-977\" \/><\/a>\n\t\t\t<\/dt>\n\t\t\t\t<dd class='wp-caption-text gallery-caption' id='gallery-1-977'>\n\t\t\t\tMazdaspeed6 de dos\n\t\t\t\t<\/dd><\/dl><dl class='gallery-item'>\n\t\t\t<dt class='gallery-icon landscape'>\n\t\t\t\t<a href='https:\/\/www.albilegeant.com\/articles\/photo-3\/'><img loading=\"lazy\" decoding=\"async\" width=\"150\" height=\"150\" src=\"https:\/\/www.albilegeant.com\/articles\/wp-content\/uploads\/2014\/09\/photo-3-150x150.jpg\" class=\"attachment-thumbnail size-thumbnail\" alt=\"Marche Pied, Mazdaspeed3 2011\" aria-describedby=\"gallery-1-967\" \/><\/a>\n\t\t\t<\/dt>\n\t\t\t\t<dd class='wp-caption-text gallery-caption' id='gallery-1-967'>\n\t\t\t\tMazdaspeed3 2011 marche pied\n\t\t\t\t<\/dd><\/dl><br style=\"clear: both\" \/><dl class='gallery-item'>\n\t\t\t<dt class='gallery-icon landscape'>\n\t\t\t\t<a href='https:\/\/www.albilegeant.com\/articles\/blogue\/mazdaspeed-vroum-vroum-mazda-meilleur\/attachment\/albi-mazda-le-28-mars-2003-002\/'><img loading=\"lazy\" decoding=\"async\" width=\"150\" height=\"150\" src=\"https:\/\/www.albilegeant.com\/articles\/wp-content\/uploads\/2014\/09\/Albi-Mazda-le-28-mars-2003-002-e1409949090137-150x150.jpg\" class=\"attachment-thumbnail size-thumbnail\" alt=\"MazdaSpeed Prot\u00e9g\u00e9 2003\" aria-describedby=\"gallery-1-979\" \/><\/a>\n\t\t\t<\/dt>\n\t\t\t\t<dd class='wp-caption-text gallery-caption' id='gallery-1-979'>\n\t\t\t\tMazdaspeed Prot\u00e9g\u00e9 2003\n\t\t\t\t<\/dd><\/dl><dl class='gallery-item'>\n\t\t\t<dt class='gallery-icon landscape'>\n\t\t\t\t<a href='https:\/\/www.albilegeant.com\/articles\/blogue\/mazdaspeed-vroum-vroum-mazda-meilleur\/attachment\/albi-mazda-le-28-mars-2003-003\/'><img loading=\"lazy\" decoding=\"async\" width=\"150\" height=\"150\" src=\"https:\/\/www.albilegeant.com\/articles\/wp-content\/uploads\/2014\/09\/Albi-Mazda-le-28-mars-2003-003-150x150.jpg\" class=\"attachment-thumbnail size-thumbnail\" alt=\"MazdaSpeed Prot\u00e9g\u00e9 2003 - de dos\" aria-describedby=\"gallery-1-978\" \/><\/a>\n\t\t\t<\/dt>\n\t\t\t\t<dd class='wp-caption-text gallery-caption' id='gallery-1-978'>\n\t\t\t\tMazdaspeed Prot\u00e9g\u00e9 2003 &#8211; de dos\n\t\t\t\t<\/dd><\/dl><dl class='gallery-item'>\n\t\t\t<dt class='gallery-icon landscape'>\n\t\t\t\t<a href='https:\/\/www.albilegeant.com\/articles\/blogue\/mazdaspeed-vroum-vroum-mazda-meilleur\/attachment\/albi-mazda-le-28-mars-2003-004\/'><img loading=\"lazy\" decoding=\"async\" width=\"150\" height=\"150\" src=\"https:\/\/www.albilegeant.com\/articles\/wp-content\/uploads\/2014\/09\/Albi-Mazda-le-28-mars-2003-004-150x150.jpg\" class=\"attachment-thumbnail size-thumbnail\" alt=\"Mazdaspeed Protege 2003 de dos chez ALBI le G\u00e9ant \u00e0 Mascouche\" aria-describedby=\"gallery-1-976\" \/><\/a>\n\t\t\t<\/dt>\n\t\t\t\t<dd class='wp-caption-text gallery-caption' id='gallery-1-976'>\n\t\t\t\tMazdaspeed Protege 2003 de dos chez ALBI le G\u00e9ant \u00e0 Mascouche\n\t\t\t\t<\/dd><\/dl><br style=\"clear: both\" \/><dl class='gallery-item'>\n\t\t\t<dt class='gallery-icon landscape'>\n\t\t\t\t<a href='https:\/\/www.albilegeant.com\/articles\/blogue\/mazdaspeed-vroum-vroum-mazda-meilleur\/attachment\/img_mazdaspd_veh_protege03_content02\/'><img loading=\"lazy\" decoding=\"async\" width=\"150\" height=\"140\" src=\"https:\/\/www.albilegeant.com\/articles\/wp-content\/uploads\/2014\/09\/img_mazdaspd_veh_protege03_content02-150x140.gif\" class=\"attachment-thumbnail size-thumbnail\" alt=\"Turbo de la MazdaspeedProtege\" aria-describedby=\"gallery-1-975\" \/><\/a>\n\t\t\t<\/dt>\n\t\t\t\t<dd class='wp-caption-text gallery-caption' id='gallery-1-975'>\n\t\t\t\tTurbo de la Mazdaspeed Protege\n\t\t\t\t<\/dd><\/dl>\n\t\t\t<br style='clear: both' \/>\n\t\t<\/div>\n\n<p>Connaissant l\u2019ambition insatiable de Mazda \u00e0 se d\u00e9marquer dans le milieu de la course automobile, l\u2019on peut s\u2019attendre \u00e0 ce que la nouvelle mouture soit un v\u00e9ritable spectacle. Son et lumi\u00e8res! Mais, au fait\u2026 connaissez-vous les origines de Mazdaspeed, qui ne constitue rien de moins que l\u2019\u00e2me du Vroum-Vroum Mazda? Le commun des mortels associe Mazdaspeed \u00e0 une voiture sport tir\u00e9e de la gamme Mazda, peu importe qu\u2019il s\u2019agisse de la :<\/p>\n<ul>\n<li>Mazdaspeed3 (ann\u00e9es-mod\u00e8les 2007 \u00e0 2013)<\/li>\n<li>Mazdaspeed6 2006<\/li>\n<li>Mazdaspeed MX-5 2004<\/li>\n<li>Mazdaspeed Prot\u00e9g\u00e9 2003<\/li>\n<\/ul>\n<p>Il faut cependant savoir que Mazdaspeed est en r\u00e9alit\u00e9 un fournisseur de pi\u00e8ces et d\u2019accessoires Mazda de performance agissant dans le milieu de la course automobile \u2013 notamment aux 24 Heures du Mans &#8211; et dans le milieu du tuning.<\/p>\n<h2><strong>Des d\u00e9buts prometteurs en course automobile<\/strong><\/h2>\n<p>Les d\u00e9buts de Mazdaspeed en course automobile t\u00e9moignent d\u2019un g\u00e9nie admirable. Il faut remonter en 1967 \u00e0 Tokyo, au Japon, pour voir na\u00eetre la premi\u00e8re \u00e9quipe de course ind\u00e9pendante sous le nom de \u00ab Mazda Sports Corner \u00bb, propuls\u00e9e par le plus grand concessionnaire Mazda du pays, Mazda Auto Tokyo. L\u2019\u00e9quipe fut rapidement impressionn\u00e9e par les performances de l\u2019\u00e9l\u00e9gante voiture biplace <strong>Cosmo Sport 110S<\/strong>, dot\u00e9e du premier moteur \u00e0 piston rotatif, et tenta de se tailler une place dans les \u00e9v\u00e9nements majeurs de course automobile \u00e0 travers le monde. L\u2019\u00e9quipe Mazda Sports Corner empocha une brillante 4e place en 1968 lors de leur premi\u00e8re course de niveau international, une \u00e9preuve d\u2019endurance de 84 heures connue sous le nom de \u00ab Marathon de la route \u00bb s\u2019\u00e9tant d\u00e9roul\u00e9e au circuit de N\u00fcrburgring, en Allemagne. Une grande r\u00e9ussite pour un nouvel \u00e9quipage au volant d\u2019une nouvelle voiture, elle-m\u00eame munie d\u2019une toute nouvelle technologie de motorisation!<\/p>\n<h2><strong>Un nombre record de victoires<\/strong><\/h2>\n<p>Au cours des 15 ann\u00e9es qui ont suivi, l\u2019\u00e9quipe Mazda concourut aux \u00c9tats-Unis, au Japon et en Europe, \u00e0 la fois dans des \u00e9preuves d\u2019endurance et des \u00e9preuves classiques sur circuit. Mais ce n\u2019est vraiment qu\u2019en 1978, avec l\u2019introduction de la <strong>Mazda RX-7<\/strong>, que le constructeur japonais saisit sa chance de passer \u00e0 l\u2019histoire : il empocha 100 victoires dans l\u2019International Motor Sports Association (un record), 23 victoires aux 24 Heures de Daytona et 13 victoires aux 12 Heures de Sebring.<\/p>\n<h2><strong>La naissance de Mazdaspeed<\/strong><\/h2>\n<p>Il faut attendre 1983, alors que le si\u00e8ge social de Mazda prend l\u2019\u00e9quipe sous son aile, pour voir na\u00eetre le nom <strong>Mazdaspeed<\/strong>. Cela fait donc plus de 30 ans que Mazda pr\u00e9sente ses produits de performance au monde entier sous cette banni\u00e8re. Maintenant propuls\u00e9 par la maison-m\u00e8re, l\u2019\u00e9quipage Mazdaspeed continue de se faire remarquer gr\u00e2ce \u00e0 ses incroyables performances et ses nombreuses victoires \u00e0 des \u00e9v\u00e9nements de calibre international. Il arrive m\u00eame \u00e0 remporter, en 1991, la victoire finale de la plus prestigieuse course d\u2019endurance au monde : les 24 Heures du Mans \u2013 ce qu\u2019aucun autre constructeur japonais n\u2019avait r\u00e9ussi jusqu\u2019\u00e0 maintenant.<\/p>\n<h2><strong>Un nouveau chapitre pour Mazda<\/strong><\/h2>\n<p>Craignant la domination technique de Mazda, la F\u00e9d\u00e9ration Internationale de l\u2019Automobile (FIA) interdit, en 1991, les moteurs \u00e0 piston rotatifs, for\u00e7ant le constructeur \u00e0 se retirer des \u00e9preuves de renomm\u00e9e mondiale. Mazda se concentre d\u00e8s lors sur l\u2019aspect commercial de la course automobile en d\u00e9veloppant toute une gamme de pi\u00e8ces et d\u2019accessoires haute performance. \u00c0 cette \u00e9poque, un nombre impressionnant de Mazda empochaient des victoires sur de petits circuits partout autour du globe. C\u2019est \u00e0 ce segment de la course que Mazda s\u2019identifiait et vers o\u00f9 il souhaitait investir ses efforts.<\/p>\n<h2><strong>La domination de la Mazda MX-5 Miata<\/strong><\/h2>\n<p>C\u2019est la <strong>Mazda MX-5 Miata<\/strong> qui domine litt\u00e9ralement les courses sur route depuis le tournant des ann\u00e9es 90. Avec plus de 900 000 exemplaires vendus depuis 1989 et une pr\u00e9sence disproportionn\u00e9e dans de nombreux clubs de course automobile, elle est la voiture par excellence pour les enthousiastes. Gr\u00e2ce \u00e0 la MX-5, Mazda a remport\u00e9 beaucoup de succ\u00e8s sur tous les plans au courant des 10 derni\u00e8res ann\u00e9es. Victoires et championnats se sont succ\u00e9d\u00e9s : American Le Mans Series, Grand-Am GT, Continental Tire ST et Pirelli World Challenge Touring Cars. Quant \u00e0 sa pr\u00e9sence dans les clubs de racing, elle est plus imposante que Toyota, Nissan et Honda r\u00e9unis.<\/p>\n<h2><strong>Une version suraliment\u00e9e du moteur Diesel Skyactiv-D Clean<\/strong><\/h2>\n<p>Plus pr\u00e8s de nous, en 2012, Mazda annon\u00e7ait une version sp\u00e9ciale de son moteur Diesel Skyactiv-D Clean pour les 24 Heures du Mans. D\u00e9riv\u00e9 du c\u00e9l\u00e8bre bloc Diesel quatre cylindres Skyactiv-D 2,2 litres \u00e0 double suralimentation de Mazda, ce moteur promettait des performances et une consommation exceptionnelles doubl\u00e9es de la qualit\u00e9, de la durabilit\u00e9 et de la fiabilit\u00e9 requises pour produire des v\u00e9hicules routiers d\u2019exception et remporter des courses d\u2019endurance. Ce qui a pu \u00eatre v\u00e9rifi\u00e9 sur le circuit 2013, puisque l\u2019\u00e9quipe Mazda y a remport\u00e9 7 victoires cons\u00e9cutives!<\/p>\n<h2><strong>Une Mazdaspeed3 enti\u00e8rement redessin\u00e9e pour 2017<\/strong><\/h2>\n<p><iframe loading=\"lazy\" src=\"\/\/www.youtube.com\/embed\/K59iCAOFljg\" width=\"640\" height=\"360\" frameborder=\"0\" allowfullscreen=\"allowfullscreen\"><\/iframe><br \/>\nComme nous le mentionnions en d\u00e9but d\u2019article, les amateurs de racing devront patienter avant le retour de la populaire <strong>Mazdaspeed3<\/strong>, retir\u00e9e du march\u00e9 pour l\u2019ann\u00e9e-mod\u00e8le 2014. Mazda pr\u00e9voit effectuer un redesign de sa gamme en 2017 et ne compte r\u00e9introduire la Mazdaspeed3 qu\u2019\u00e0 ce moment. Il semblerait \u00e9galement que sa cadette, la Mazda2, serait offerte dans sa version Mazdaspeed d\u00e8s 2017. Au menu : des <strong>moteurs turbocompress\u00e9s dot\u00e9s de la technologie Skyactiv<\/strong>, maintenant fort r\u00e9pandue chez Mazda, qui produiraient pas moins de 300 chevaux. L\u2019on peut une fois de plus s\u2019attendre \u00e0 une exp\u00e9rience de conduite exaltante et des performances sensationnelles!<\/p>\n<p>Restez donc branch\u00e9s \u00e0 Albi Le G\u00e9ant pour obtenir tous les d\u00e9tails concernant la <strong>Mazdaspeed2<\/strong> et la <strong>Mazdaspeed3<\/strong>. Pour toute question au sujet des <a title=\"Pi\u00e8ces Mazda\" href=\"http:\/\/www.albimazda.com\/fr\/service-support-apres-vente\/pieces\/?utm_source=blog&amp;utm_medium=referral&amp;utm_campaign=Blog_ALBI\">pi\u00e8ces et accessoires Mazdaspeed, n\u2019h\u00e9sitez pas \u00e0 communiquer avec nos sp\u00e9cialistes.<\/a><\/p>\n<p>En attendant,\u00a0il nous reste des <a title=\"Mazdaspeed - ALBI Occasion\" href=\"http:\/\/www.albioccasion.com\/inventaire\/mazdaspeed\/\">mod\u00e8les de Mazdaspeed3 en excellente condition chez Albi Occasion.<\/a><\/p>\n","protected":false},"excerpt":{"rendered":"<p>Nous vous parlions, il y a quelques mois, d\u2019une rumeur \u00e0 l\u2019effet que la Mazdaspeed3 fasse un retour en force en 2017, puisqu\u2019elle a \u00e9t\u00e9 retir\u00e9e du march\u00e9 pour l\u2019ann\u00e9e-mod\u00e8le 2014.<\/p>\n","protected":false},"author":5,"featured_media":969,"comment_status":"open","ping_status":"open","sticky":false,"template":"","format":"standard","meta":{"footnotes":""},"categories":[6],"tags":[8,111],"class_list":["post-954","post","type-post","status-publish","format-standard","has-post-thumbnail","hentry","category-blogue","tag-mazda","tag-mazdsaspeed"],"_links":{"self":[{"href":"https:\/\/www.albilegeant.com\/articles\/wp-json\/wp\/v2\/posts\/954","targetHints":{"allow":["GET"]}}],"collection":[{"href":"https:\/\/www.albilegeant.com\/articles\/wp-json\/wp\/v2\/posts"}],"about":[{"href":"https:\/\/www.albilegeant.com\/articles\/wp-json\/wp\/v2\/types\/post"}],"author":[{"embeddable":true,"href":"https:\/\/www.albilegeant.com\/articles\/wp-json\/wp\/v2\/users\/5"}],"replies":[{"embeddable":true,"href":"https:\/\/www.albilegeant.com\/articles\/wp-json\/wp\/v2\/comments?post=954"}],"version-history":[{"count":14,"href":"https:\/\/www.albilegeant.com\/articles\/wp-json\/wp\/v2\/posts\/954\/revisions"}],"predecessor-version":[{"id":12471,"href":"https:\/\/www.albilegeant.com\/articles\/wp-json\/wp\/v2\/posts\/954\/revisions\/12471"}],"wp:featuredmedia":[{"embeddable":true,"href":"https:\/\/www.albilegeant.com\/articles\/wp-json\/wp\/v2\/media\/969"}],"wp:attachment":[{"href":"https:\/\/www.albilegeant.com\/articles\/wp-json\/wp\/v2\/media?parent=954"}],"wp:term":[{"taxonomy":"category","embeddable":true,"href":"https:\/\/www.albilegeant.com\/articles\/wp-json\/wp\/v2\/categories?post=954"},{"taxonomy":"post_tag","embeddable":true,"href":"https:\/\/www.albilegeant.com\/articles\/wp-json\/wp\/v2\/tags?post=954"}],"curies":[{"name":"wp","href":"https:\/\/api.w.org\/{rel}","templated":true}]}}