{"id":9568,"date":"2016-12-28T09:19:00","date_gmt":"2016-12-28T14:19:00","guid":{"rendered":"http:\/\/www.albilegeant.com\/articles\/?p=9568"},"modified":"2020-09-17T15:13:33","modified_gmt":"2020-09-17T19:13:33","slug":"les-voitures-de-lannee-2016","status":"publish","type":"post","link":"https:\/\/www.albilegeant.com\/articles\/blogue\/les-voitures-de-lannee-2016\/","title":{"rendered":"Les voitures de l\u2019ann\u00e9e selon ALBI le G\u00e9ant, partie 1"},"content":{"rendered":"<p>C\u2019est la fin de l\u2019ann\u00e9e 2016. Une ann\u00e9e remplie de nouveaut\u00e9s pour le groupe ALBI le g\u00e9ant, et pour l\u2019ensemble du monde de l\u2019automobile. C\u2019est aussi le moment que choisissent beaucoup de m\u00e9dias et d\u2019associations professionnelles pour d\u00e9voiler leur Voiture ou leur Camion de l\u2019ann\u00e9e.<\/p>\n<p>Chez ALBI, nous aimons toutes nos voitures, alors on ne voulait pas choisir. On s\u2019est donc fi\u00e9s sur vous, les consommateurs, pour choisir une voiture de l\u2019ann\u00e9e par marque que nous vendons. Le choix est simple, et personne n\u2019a vot\u00e9\u00a0: nous vous pr\u00e9sentons seulement les v\u00e9hicules les plus populaires de la derni\u00e8re ann\u00e9e.<!--more--><\/p>\n<p>Car nous croyons que m\u00eame si tous nos v\u00e9hicules sont de grande qualit\u00e9, ceux qui ont le plus retenu l\u2019attention des acheteurs m\u00e9ritent une petite attention particuli\u00e8re.<\/p>\n<p>Comme le groupe ALBI le g\u00e9ant s\u2019agrandit chaque ann\u00e9e, nous pr\u00e9senterons quinze mod\u00e8les, en trois paries diff\u00e9rentes. Dites-nous si vous aimez nos choix.. et quels sont les v\u00f4tres!<\/p>\n<p>Fait \u00e0 noter, c\u2019est par ordre alphab\u00e9tique que sont pr\u00e9sent\u00e9s les gagnantes de 2016!<\/p>\n<p><strong>Buick Verano<\/strong><\/p>\n<p><a href=\"http:\/\/www.albilegeant.com\/articles\/wp-content\/uploads\/2016\/12\/Buick-verano.jpg\"><img loading=\"lazy\" decoding=\"async\" class=\"aligncenter size-full wp-image-9569\" src=\"http:\/\/www.albilegeant.com\/articles\/wp-content\/uploads\/2016\/12\/Buick-verano.jpg\" alt=\"buick verano\" width=\"938\" height=\"528\" \/><\/a><\/p>\n<p>La <a href=\"http:\/\/www.albichevrolet.com\/fr\/vehicules-neufs\/buick\/\" target=\"_blank\" rel=\"noopener noreferrer\">Buick Verano<\/a> a connu une hausse de 16.8% cette ann\u00e9e. Il faut dire que la petite Buick est abordable, et m\u00eame si la compagnie a affirm\u00e9 qu\u2019elle disparaitra en 2018, elle est toujours offerte et r\u00e9unit toutes les qualit\u00e9s de la famille Buick, \u00e0 savoir <strong>le luxe et un silence de roulement<\/strong> appr\u00e9ci\u00e9.<\/p>\n<p><strong>Chevrolet Silverado<\/strong><\/p>\n<p><a href=\"http:\/\/www.albilegeant.com\/articles\/wp-content\/uploads\/2016\/12\/chevrolet-silverado.jpg\"><img loading=\"lazy\" decoding=\"async\" class=\"aligncenter size-full wp-image-9570\" src=\"http:\/\/www.albilegeant.com\/articles\/wp-content\/uploads\/2016\/12\/chevrolet-silverado.jpg\" alt=\"chevrolet silverado\" width=\"980\" height=\"476\" \/><\/a><\/p>\n<p>Cela ne surprendra personne. Les ventes de camionnette de cette taille explosent litt\u00e9ralement, et le <a href=\"http:\/\/www.albichevrolet.com\/fr\/vehicule-neuf\/chevrolet-silverado-1500-2019\/?utm_source=blog&amp;utm_medium=referral&amp;utm_campaign=Blog_ALBI\" target=\"_blank\" rel=\"noopener noreferrer\">Silverado<\/a> remani\u00e9, avec sa nouvelle capacit\u00e9 de travail et son style plus affirm\u00e9 que jamais, a tout pour plaire aux amateurs. Il se classe au 10<sup>e<\/sup> rang de tous les v\u00e9hicules vendus au pays.<\/p>\n<p><strong>Chrysler 200<\/strong><\/p>\n<p><a href=\"http:\/\/www.albilegeant.com\/articles\/wp-content\/uploads\/2016\/12\/chrysler-200.jpg\"><img loading=\"lazy\" decoding=\"async\" class=\"aligncenter size-large wp-image-9571\" src=\"http:\/\/www.albilegeant.com\/articles\/wp-content\/uploads\/2016\/12\/chrysler-200-1024x405.jpg\" alt=\"Chrysler 200\" width=\"625\" height=\"247\" \/><\/a><\/p>\n<p>La <a href=\"http:\/\/www.albichrysler.com\/fr\/vehicules-neufs\/chrysler\/\" target=\"_blank\" rel=\"noopener noreferrer\">Chrysler 200<\/a> n\u2019a peut-\u00eatre pas rempli les objectifs fix\u00e9s par la direction de FCA, mais elle a su plaire aux acheteurs qui appr\u00e9cient une petite berline abordable et capable de compter sur un ensemble technologique efficace.<\/p>\n<p><strong>Dodge Grand Caravan<\/strong><\/p>\n<p><a href=\"http:\/\/www.albilegeant.com\/articles\/wp-content\/uploads\/2016\/12\/dodge-grand-caravan.jpg\"><img loading=\"lazy\" decoding=\"async\" class=\"aligncenter size-large wp-image-9572\" src=\"http:\/\/www.albilegeant.com\/articles\/wp-content\/uploads\/2016\/12\/dodge-grand-caravan-1024x358.jpg\" alt=\"dodge grand caravan\" width=\"625\" height=\"218\" \/><\/a><\/p>\n<p>Encore un v\u00e9hicule que l\u2019on attendait. Qui a dit que les minifourgonnettes n\u2019avaient plus la cote? Avec une hausse de 11% des ventes cette ann\u00e9e, et le 5<sup>e<\/sup> rang de tous les v\u00e9hicules vendus au pays, la <a href=\"https:\/\/www.albioccasion.com\/inventaire\/dodge-grand+caravan\/?utm_source=blog&amp;utm_medium=referral&amp;utm_campaign=Blog_ALBI\" target=\"_blank\" rel=\"noopener noreferrer\">Grand Caravan<\/a> est le v\u00e9hicule familial le plus polyvalent et qui remplit le mieux sa mission.<\/p>\n<p><strong>\u00a0Ford S\u00e9rie F<\/strong><\/p>\n<p><a href=\"http:\/\/www.albilegeant.com\/articles\/wp-content\/uploads\/2016\/12\/ford-f150.jpg\"><img loading=\"lazy\" decoding=\"async\" class=\"aligncenter size-large wp-image-9573\" src=\"http:\/\/www.albilegeant.com\/articles\/wp-content\/uploads\/2016\/12\/ford-f150-1024x681.jpg\" alt=\"Ford f 150\" width=\"625\" height=\"415\" \/><\/a><\/p>\n<p>Champion de tous les champions, le Ford de s\u00e9rie F, incluant le <a href=\"https:\/\/www.albioccasion.com\/inventaire\/ford-f%20150\/\" target=\"_blank\" rel=\"noopener noreferrer\">F150<\/a> tout aluminium, est encore aujourd\u2019hui au sommet des ventes, toutes cat\u00e9gories de v\u00e9hicules confondues. Ses capacit\u00e9s de travail, son confort, sa technologie avanc\u00e9e et sa multitude d\u2019options le rendent attrayant pour tous les usages.<\/p>\n<p>La suite demain\u2026<\/p>\n","protected":false},"excerpt":{"rendered":"<p>C\u2019est la fin de l\u2019ann\u00e9e 2016. Une ann\u00e9e remplie de nouveaut\u00e9s pour le groupe ALBI le g\u00e9ant, et pour l\u2019ensemble du monde de l\u2019automobile. C\u2019est aussi le moment que choisissent beaucoup de m\u00e9dias et d\u2019associations professionnelles pour d\u00e9voiler leur Voiture ou leur Camion de l\u2019ann\u00e9e. Chez ALBI, nous aimons toutes nos voitures, alors on ne [&hellip;]<\/p>\n","protected":false},"author":5,"featured_media":0,"comment_status":"open","ping_status":"open","sticky":false,"template":"","format":"standard","meta":{"footnotes":""},"categories":[6],"tags":[807,808,809],"class_list":["post-9568","post","type-post","status-publish","format-standard","hentry","category-blogue","tag-best-of","tag-meilleur-voiture","tag-vehicule-plus-populaire"],"_links":{"self":[{"href":"https:\/\/www.albilegeant.com\/articles\/wp-json\/wp\/v2\/posts\/9568","targetHints":{"allow":["GET"]}}],"collection":[{"href":"https:\/\/www.albilegeant.com\/articles\/wp-json\/wp\/v2\/posts"}],"about":[{"href":"https:\/\/www.albilegeant.com\/articles\/wp-json\/wp\/v2\/types\/post"}],"author":[{"embeddable":true,"href":"https:\/\/www.albilegeant.com\/articles\/wp-json\/wp\/v2\/users\/5"}],"replies":[{"embeddable":true,"href":"https:\/\/www.albilegeant.com\/articles\/wp-json\/wp\/v2\/comments?post=9568"}],"version-history":[{"count":7,"href":"https:\/\/www.albilegeant.com\/articles\/wp-json\/wp\/v2\/posts\/9568\/revisions"}],"predecessor-version":[{"id":14093,"href":"https:\/\/www.albilegeant.com\/articles\/wp-json\/wp\/v2\/posts\/9568\/revisions\/14093"}],"wp:attachment":[{"href":"https:\/\/www.albilegeant.com\/articles\/wp-json\/wp\/v2\/media?parent=9568"}],"wp:term":[{"taxonomy":"category","embeddable":true,"href":"https:\/\/www.albilegeant.com\/articles\/wp-json\/wp\/v2\/categories?post=9568"},{"taxonomy":"post_tag","embeddable":true,"href":"https:\/\/www.albilegeant.com\/articles\/wp-json\/wp\/v2\/tags?post=9568"}],"curies":[{"name":"wp","href":"https:\/\/api.w.org\/{rel}","templated":true}]}}