{"id":9808,"date":"2017-04-05T11:40:49","date_gmt":"2017-04-05T15:40:49","guid":{"rendered":"http:\/\/www.albilegeant.com\/articles\/?p=9808"},"modified":"2017-04-05T11:41:20","modified_gmt":"2017-04-05T15:41:20","slug":"un-montrealais-chef-du-design-chez-infiniti","status":"publish","type":"post","link":"https:\/\/www.albilegeant.com\/articles\/actualites\/un-montrealais-chef-du-design-chez-infiniti\/","title":{"rendered":"Un montr\u00e9alais chef du design chez Infiniti"},"content":{"rendered":"<p>Karim Habib, un montr\u00e9alais d\u2019adoption mais Libanais de naissance, vient d\u2019\u00eatre nomm\u00e9 \u00e0 la t\u00eate du d\u00e9partement de design de la compagnie Infiniti. Cette nouvelle fonction, valide d\u00e8s le 1er juillet, lui permettra de remplacer Alfonso Albaisa, qui lui-m\u00eame est promu designer chef pour l\u2019ensemble des marques Nissan.<\/p>\n<p>Karim Habib est loin d\u2019\u00eatre le premier venu dans le monde du design. Celui qui a d\u00e9m\u00e9nag\u00e9 \u00e0 Montr\u00e9al d\u00e8s son plus jeune \u00e2ge a \u00e9tudi\u00e9 l\u2019ing\u00e9nierie \u00e0 l\u2019Universit\u00e9 McGill avant d\u2019aller \u00e9tudier les arts \u00e0 Pasadena en Californie. Il a ensuite \u00e9t\u00e9 nomm\u00e9 chez BMW comme designer d\u2019int\u00e9rieur avant de devenir le designer chef de la marque. On lui doit notamment la prestigieuse S\u00e9rie 7, la limousine de la banni\u00e8re allemande.<\/p>\n<p>Chez Infiniti, il sera responsable de l\u2019ensemble du design de la marque, un poste prestigieux pour une banni\u00e8re en plein d\u00e9veloppement mondial. Il sera bas\u00e9 au centre technique de Nissan, au Japon, o\u00f9 il dirigera notamment les \u00e9quipes de design du Japon, de Beijing en Chine, de San Diego et de Londres.<\/p>\n<p>La venue de Karim Habib chez Infiniti vient prouver l\u2019importance que l\u2019entreprise accorde au d\u00e9veloppement global et nord-am\u00e9ricain de la marque. Il est aussi un des nombreux repr\u00e9sentants canadiens qui font leur marque en mati\u00e8re de design automobile. Simon Lamarre, chez la firme chinoise Geely, et Dany Garand, chez Audi, sont parmi les autres repr\u00e9sentants qu\u00e9b\u00e9cois qui se distinguent en mati\u00e8re de design.<\/p>\n","protected":false},"excerpt":{"rendered":"<p>Karim Habib, un montr\u00e9alais d\u2019adoption mais Libanais de naissance, vient d\u2019\u00eatre nomm\u00e9 \u00e0 la t\u00eate du d\u00e9partement de design de la compagnie Infiniti. Cette nouvelle fonction, valide d\u00e8s le 1er juillet, lui permettra de remplacer Alfonso Albaisa, qui lui-m\u00eame est promu designer chef pour l\u2019ensemble des marques Nissan. Karim Habib est loin d\u2019\u00eatre le premier [&hellip;]<\/p>\n","protected":false},"author":5,"featured_media":9809,"comment_status":"open","ping_status":"open","sticky":false,"template":"","format":"standard","meta":{"footnotes":""},"categories":[5],"tags":[],"class_list":["post-9808","post","type-post","status-publish","format-standard","has-post-thumbnail","hentry","category-actualites"],"_links":{"self":[{"href":"https:\/\/www.albilegeant.com\/articles\/wp-json\/wp\/v2\/posts\/9808","targetHints":{"allow":["GET"]}}],"collection":[{"href":"https:\/\/www.albilegeant.com\/articles\/wp-json\/wp\/v2\/posts"}],"about":[{"href":"https:\/\/www.albilegeant.com\/articles\/wp-json\/wp\/v2\/types\/post"}],"author":[{"embeddable":true,"href":"https:\/\/www.albilegeant.com\/articles\/wp-json\/wp\/v2\/users\/5"}],"replies":[{"embeddable":true,"href":"https:\/\/www.albilegeant.com\/articles\/wp-json\/wp\/v2\/comments?post=9808"}],"version-history":[{"count":1,"href":"https:\/\/www.albilegeant.com\/articles\/wp-json\/wp\/v2\/posts\/9808\/revisions"}],"predecessor-version":[{"id":9810,"href":"https:\/\/www.albilegeant.com\/articles\/wp-json\/wp\/v2\/posts\/9808\/revisions\/9810"}],"wp:featuredmedia":[{"embeddable":true,"href":"https:\/\/www.albilegeant.com\/articles\/wp-json\/wp\/v2\/media\/9809"}],"wp:attachment":[{"href":"https:\/\/www.albilegeant.com\/articles\/wp-json\/wp\/v2\/media?parent=9808"}],"wp:term":[{"taxonomy":"category","embeddable":true,"href":"https:\/\/www.albilegeant.com\/articles\/wp-json\/wp\/v2\/categories?post=9808"},{"taxonomy":"post_tag","embeddable":true,"href":"https:\/\/www.albilegeant.com\/articles\/wp-json\/wp\/v2\/tags?post=9808"}],"curies":[{"name":"wp","href":"https:\/\/api.w.org\/{rel}","templated":true}]}}